{"id":14503,"date":"2019-06-04T12:12:02","date_gmt":"2019-06-04T12:12:02","guid":{"rendered":"http:\/\/fotosenderismo.com\/wordpress\/?p=14503"},"modified":"2024-02-19T17:56:18","modified_gmt":"2024-02-19T17:56:18","slug":"sierra-cebollera-laguna-de-cebollera-alto-de-la-chopera","status":"publish","type":"post","link":"https:\/\/fotosenderismo.com\/wordpress\/index.php\/2019\/06\/04\/sierra-cebollera-laguna-de-cebollera-alto-de-la-chopera\/","title":{"rendered":"Sierra Cebollera. Laguna de Cebollera, Alto de la Chopera"},"content":{"rendered":"\n<p><\/p>\n\n\n\n<figure class=\"wp-block-image aligncenter\"><a href=\"https:\/\/photos.app.goo.gl\/BteUpNWgbT2XYkr99\" target=\"_blank\" rel=\"noreferrer noopener\"><img decoding=\"async\" src=\"http:\/\/fotosenderismo.com\/wordpress\/wp-content\/uploads\/2019\/05\/visualizar-galeria-fotos.jpg\" alt=\"\" class=\"wp-image-14262\"\/><\/a><\/figure>\n\n\n\n<p><\/p>\n\n\n\n<figure class=\"wp-block-image\"><a href=\"http:\/\/fotosenderismo.com\/wordpress\/wp-content\/uploads\/2019\/06\/cebollera-datos-dos.jpg\" target=\"_blank\" rel=\"noreferrer noopener\"><img loading=\"lazy\" decoding=\"async\" width=\"1024\" height=\"720\" src=\"http:\/\/fotosenderismo.com\/wordpress\/wp-content\/uploads\/2019\/06\/cebollera-datos-dos-1024x720.jpg\" alt=\"\" class=\"wp-image-14536\" srcset=\"https:\/\/fotosenderismo.com\/wordpress\/wp-content\/uploads\/2019\/06\/cebollera-datos-dos-1024x720.jpg 1024w, https:\/\/fotosenderismo.com\/wordpress\/wp-content\/uploads\/2019\/06\/cebollera-datos-dos-300x211.jpg 300w, https:\/\/fotosenderismo.com\/wordpress\/wp-content\/uploads\/2019\/06\/cebollera-datos-dos-768x540.jpg 768w, https:\/\/fotosenderismo.com\/wordpress\/wp-content\/uploads\/2019\/06\/cebollera-datos-dos-800x562.jpg 800w, https:\/\/fotosenderismo.com\/wordpress\/wp-content\/uploads\/2019\/06\/cebollera-datos-dos.jpg 1427w\" sizes=\"auto, (max-width: 1024px) 100vw, 1024px\" \/><\/a><\/figure>\n\n\n\n<p><\/p>\n\n\n\n<figure class=\"wp-block-image aligncenter size-full\"><a href=\"https:\/\/fotosenderismo.com\/wordpress\/wp-content\/uploads\/2019-06-04-SIERRA-CEBOLLERA-ALTO-CHOPERA.gpx\"><img loading=\"lazy\" decoding=\"async\" width=\"400\" height=\"50\" src=\"https:\/\/fotosenderismo.com\/wordpress\/wp-content\/uploads\/2024\/02\/descargar-track-9.jpg\" alt=\"\" class=\"wp-image-23007\" srcset=\"https:\/\/fotosenderismo.com\/wordpress\/wp-content\/uploads\/2024\/02\/descargar-track-9.jpg 400w, https:\/\/fotosenderismo.com\/wordpress\/wp-content\/uploads\/2024\/02\/descargar-track-9-300x38.jpg 300w\" sizes=\"auto, (max-width: 400px) 100vw, 400px\" \/><\/a><\/figure>\n\n\n\n<p><\/p>\n\n\n\n<p class=\"has-drop-cap has-very-light-gray-background-color has-background\" style=\"font-size:18px\"> Salida del 4 de junio de 2019 a la Sierra Cebollera, en Soria, concretamente en la comarca de El Valle. Hemos subido desde Molinos de Raz\u00f3n en coche por pista forestal hasta una bifurcaci\u00f3n en el camino, en La Chopera y el Quinto de la Chopera. M\u00e1s arriba es mejor subir a pie porque desde aqu\u00ed la utilizaci\u00f3n de las cuatro ruedas es problem\u00e1tica.  Desde ese punto hemos remontado la pista hasta una puerta met\u00e1lica, y desde ella nos adentramos en el bosque y en los matorrales de brezo para ir a ver unos saltos de agua. Desgraciadamente estaban secos. Adem\u00e1s, el trayecto hasta las cascadas estaba intransitable y nos costaba mucho ganar el m\u00e1s m\u00ednimo metro a la monta\u00f1a. Por este motivo he rectificado el track para hacerlo subir por el mismo sitio por el que baja, es decir, por la pista. Finalmente, tras el azaroso ascenso, conectamos con los caminos normalizados y por ellos alcanzamos la Laguna de Cebollera y m\u00e1s arriba, siguiendo un barranco, el Alto de la Chopera y el Alto de la Cueva Mayor, a 2135 metros de altitud. Desde all\u00ed desmontamos un contrafuerte desde el que se observan magn\u00edficas vistas a la Laguna.  Alcanzada de nuevo La Laguna hemos ido a visitar unos lagos menores y posteriormente hemos ido a buscar el camino para descender hasta el coche. Hemos ido acompa\u00f1ados por monta\u00f1eros de la zona, y hemos descubierto un paisaje maravilloso, disfrutando de una extraordinaria explosi\u00f3n de colores. <\/p>\n\n\n\n<p><\/p>\n\n\n\n<figure><iframe loading=\"lazy\" src=\"https:\/\/ca.wikiloc.com\/wikiloc\/spatialArtifacts.do?event=view&amp;id=37512720&amp;measures=on&amp;title=on&amp;near=on&amp;images=on&amp;maptype=H\" width=\"1000\" height=\"1000\"><\/iframe><\/figure>\n\n\n\n<p>\nPowered by <a target=\"_blank\" href=\"https:\/\/ca.wikiloc.com\" rel=\"noreferrer noopener\">Wikiloc<\/a><\/p>\n\n\n\n<p><\/p>\n\n\n\n<figure class=\"wp-block-image\"><a href=\"http:\/\/fotosenderismo.com\/wordpress\/wp-content\/uploads\/2019\/06\/CEBOLLERA-MAPA-1.jpg\" target=\"_blank\" rel=\"noreferrer noopener\"><img loading=\"lazy\" decoding=\"async\" width=\"1024\" height=\"896\" src=\"http:\/\/fotosenderismo.com\/wordpress\/wp-content\/uploads\/2019\/06\/CEBOLLERA-MAPA-1-1024x896.jpg\" alt=\"\" class=\"wp-image-14508\" srcset=\"https:\/\/fotosenderismo.com\/wordpress\/wp-content\/uploads\/2019\/06\/CEBOLLERA-MAPA-1-1024x896.jpg 1024w, https:\/\/fotosenderismo.com\/wordpress\/wp-content\/uploads\/2019\/06\/CEBOLLERA-MAPA-1-300x262.jpg 300w, https:\/\/fotosenderismo.com\/wordpress\/wp-content\/uploads\/2019\/06\/CEBOLLERA-MAPA-1-768x672.jpg 768w, https:\/\/fotosenderismo.com\/wordpress\/wp-content\/uploads\/2019\/06\/CEBOLLERA-MAPA-1-800x700.jpg 800w, https:\/\/fotosenderismo.com\/wordpress\/wp-content\/uploads\/2019\/06\/CEBOLLERA-MAPA-1.jpg 1916w\" sizes=\"auto, (max-width: 1024px) 100vw, 1024px\" \/><\/a><\/figure>\n\n\n\n<p><\/p>\n\n\n\n<figure class=\"wp-block-image\"><a href=\"http:\/\/fotosenderismo.com\/wordpress\/wp-content\/uploads\/2019\/06\/CEBOLLERA-MAPA-2.jpg\" target=\"_blank\" rel=\"noreferrer noopener\"><img loading=\"lazy\" decoding=\"async\" width=\"1024\" height=\"1012\" src=\"http:\/\/fotosenderismo.com\/wordpress\/wp-content\/uploads\/2019\/06\/CEBOLLERA-MAPA-2-1024x1012.jpg\" alt=\"\" class=\"wp-image-14509\" srcset=\"https:\/\/fotosenderismo.com\/wordpress\/wp-content\/uploads\/2019\/06\/CEBOLLERA-MAPA-2-1024x1012.jpg 1024w, https:\/\/fotosenderismo.com\/wordpress\/wp-content\/uploads\/2019\/06\/CEBOLLERA-MAPA-2-300x296.jpg 300w, https:\/\/fotosenderismo.com\/wordpress\/wp-content\/uploads\/2019\/06\/CEBOLLERA-MAPA-2-768x759.jpg 768w, https:\/\/fotosenderismo.com\/wordpress\/wp-content\/uploads\/2019\/06\/CEBOLLERA-MAPA-2-800x790.jpg 800w, https:\/\/fotosenderismo.com\/wordpress\/wp-content\/uploads\/2019\/06\/CEBOLLERA-MAPA-2-45x45.jpg 45w, https:\/\/fotosenderismo.com\/wordpress\/wp-content\/uploads\/2019\/06\/CEBOLLERA-MAPA-2.jpg 1071w\" sizes=\"auto, (max-width: 1024px) 100vw, 1024px\" \/><\/a><\/figure>\n\n\n\n<p><\/p>\n\n\n\n<figure class=\"wp-block-image\"><a href=\"http:\/\/fotosenderismo.com\/wordpress\/wp-content\/uploads\/2019\/06\/CEBOLLERA-EARTH-1.jpg\" target=\"_blank\" rel=\"noreferrer noopener\"><img loading=\"lazy\" decoding=\"async\" width=\"1024\" height=\"518\" src=\"http:\/\/fotosenderismo.com\/wordpress\/wp-content\/uploads\/2019\/06\/CEBOLLERA-EARTH-1-1024x518.jpg\" alt=\"\" class=\"wp-image-14505\" srcset=\"https:\/\/fotosenderismo.com\/wordpress\/wp-content\/uploads\/2019\/06\/CEBOLLERA-EARTH-1-1024x518.jpg 1024w, https:\/\/fotosenderismo.com\/wordpress\/wp-content\/uploads\/2019\/06\/CEBOLLERA-EARTH-1-300x152.jpg 300w, https:\/\/fotosenderismo.com\/wordpress\/wp-content\/uploads\/2019\/06\/CEBOLLERA-EARTH-1-768x388.jpg 768w, https:\/\/fotosenderismo.com\/wordpress\/wp-content\/uploads\/2019\/06\/CEBOLLERA-EARTH-1-800x405.jpg 800w, https:\/\/fotosenderismo.com\/wordpress\/wp-content\/uploads\/2019\/06\/CEBOLLERA-EARTH-1.jpg 1920w\" sizes=\"auto, (max-width: 1024px) 100vw, 1024px\" \/><\/a><\/figure>\n\n\n\n<p><\/p>\n\n\n\n<figure class=\"wp-block-image\"><a href=\"http:\/\/fotosenderismo.com\/wordpress\/wp-content\/uploads\/2019\/06\/CEBOLLERA-EARTH-2.jpg\" target=\"_blank\" rel=\"noreferrer noopener\"><img loading=\"lazy\" decoding=\"async\" width=\"1024\" height=\"518\" src=\"http:\/\/fotosenderismo.com\/wordpress\/wp-content\/uploads\/2019\/06\/CEBOLLERA-EARTH-2-1024x518.jpg\" alt=\"\" class=\"wp-image-14506\" srcset=\"https:\/\/fotosenderismo.com\/wordpress\/wp-content\/uploads\/2019\/06\/CEBOLLERA-EARTH-2-1024x518.jpg 1024w, https:\/\/fotosenderismo.com\/wordpress\/wp-content\/uploads\/2019\/06\/CEBOLLERA-EARTH-2-300x152.jpg 300w, https:\/\/fotosenderismo.com\/wordpress\/wp-content\/uploads\/2019\/06\/CEBOLLERA-EARTH-2-768x388.jpg 768w, https:\/\/fotosenderismo.com\/wordpress\/wp-content\/uploads\/2019\/06\/CEBOLLERA-EARTH-2-800x405.jpg 800w, https:\/\/fotosenderismo.com\/wordpress\/wp-content\/uploads\/2019\/06\/CEBOLLERA-EARTH-2.jpg 1920w\" sizes=\"auto, (max-width: 1024px) 100vw, 1024px\" \/><\/a><\/figure>\n\n\n\n<p><\/p>\n\n\n\n<figure class=\"wp-block-image\"><a href=\"http:\/\/fotosenderismo.com\/wordpress\/wp-content\/uploads\/2019\/06\/CEBOLLERA-PERFIL.jpg\" target=\"_blank\" rel=\"noreferrer noopener\"><img loading=\"lazy\" decoding=\"async\" width=\"1024\" height=\"374\" src=\"http:\/\/fotosenderismo.com\/wordpress\/wp-content\/uploads\/2019\/06\/CEBOLLERA-PERFIL-1024x374.jpg\" alt=\"\" class=\"wp-image-14510\" srcset=\"https:\/\/fotosenderismo.com\/wordpress\/wp-content\/uploads\/2019\/06\/CEBOLLERA-PERFIL-1024x374.jpg 1024w, https:\/\/fotosenderismo.com\/wordpress\/wp-content\/uploads\/2019\/06\/CEBOLLERA-PERFIL-300x110.jpg 300w, https:\/\/fotosenderismo.com\/wordpress\/wp-content\/uploads\/2019\/06\/CEBOLLERA-PERFIL-768x281.jpg 768w, https:\/\/fotosenderismo.com\/wordpress\/wp-content\/uploads\/2019\/06\/CEBOLLERA-PERFIL-800x292.jpg 800w, https:\/\/fotosenderismo.com\/wordpress\/wp-content\/uploads\/2019\/06\/CEBOLLERA-PERFIL.jpg 1856w\" sizes=\"auto, (max-width: 1024px) 100vw, 1024px\" \/><\/a><\/figure>\n","protected":false},"excerpt":{"rendered":"<p> Salida del 4 de junio de 2019 a la Sierra Cebollera, en Soria,  concretamente en la comarca de El Valle. Hemos subido desde Molinos de  Raz\u00f3n en coche por pista forestal hasta una bifurcaci\u00f3n en el camino, en  La Chopera y el Quinto de la Chopera. M\u00e1s arriba es mejor subir a pie  porque desde aqu\u00ed la utilizaci\u00f3n de las cuatro ruedas es problem\u00e1tica.  Desde ese punto hemos remontado la pista hasta una puerta met\u00e1lica, y  desde ella nos adentramos en el bosque y en los matorrales de brezo para  ir a ver unos saltos de agua. Desgraciadamente estaban secos. <\/p>\n","protected":false},"author":1,"featured_media":14507,"comment_status":"open","ping_status":"closed","sticky":false,"template":"","format":"standard","meta":{"footnotes":""},"categories":[264,263,288,34,42,47,50],"tags":[187,98,278,277,223],"class_list":["post-14503","post","type-post","status-publish","format-standard","has-post-thumbnail","hentry","category-0-08-el-valle","category-0-08-soria","category-201-entre-5-y-10-km","category-entre-500-y-1000-metros","category-senderismo","category-circular-tipo-de-recorrido","category-alta-montana","tag-fotos-by-eduard","tag-98","tag-track-by-julian","tag-track-by-luis","tag-track-en-wikiloc"],"_links":{"self":[{"href":"https:\/\/fotosenderismo.com\/wordpress\/index.php\/wp-json\/wp\/v2\/posts\/14503","targetHints":{"allow":["GET"]}}],"collection":[{"href":"https:\/\/fotosenderismo.com\/wordpress\/index.php\/wp-json\/wp\/v2\/posts"}],"about":[{"href":"https:\/\/fotosenderismo.com\/wordpress\/index.php\/wp-json\/wp\/v2\/types\/post"}],"author":[{"embeddable":true,"href":"https:\/\/fotosenderismo.com\/wordpress\/index.php\/wp-json\/wp\/v2\/users\/1"}],"replies":[{"embeddable":true,"href":"https:\/\/fotosenderismo.com\/wordpress\/index.php\/wp-json\/wp\/v2\/comments?post=14503"}],"version-history":[{"count":10,"href":"https:\/\/fotosenderismo.com\/wordpress\/index.php\/wp-json\/wp\/v2\/posts\/14503\/revisions"}],"predecessor-version":[{"id":23083,"href":"https:\/\/fotosenderismo.com\/wordpress\/index.php\/wp-json\/wp\/v2\/posts\/14503\/revisions\/23083"}],"wp:featuredmedia":[{"embeddable":true,"href":"https:\/\/fotosenderismo.com\/wordpress\/index.php\/wp-json\/wp\/v2\/media\/14507"}],"wp:attachment":[{"href":"https:\/\/fotosenderismo.com\/wordpress\/index.php\/wp-json\/wp\/v2\/media?parent=14503"}],"wp:term":[{"taxonomy":"category","embeddable":true,"href":"https:\/\/fotosenderismo.com\/wordpress\/index.php\/wp-json\/wp\/v2\/categories?post=14503"},{"taxonomy":"post_tag","embeddable":true,"href":"https:\/\/fotosenderismo.com\/wordpress\/index.php\/wp-json\/wp\/v2\/tags?post=14503"}],"curies":[{"name":"wp","href":"https:\/\/api.w.org\/{rel}","templated":true}]}}