{"id":14382,"date":"2019-05-23T19:42:16","date_gmt":"2019-05-23T19:42:16","guid":{"rendered":"http:\/\/fotosenderismo.com\/wordpress\/?p=14382"},"modified":"2024-02-19T18:06:54","modified_gmt":"2024-02-19T18:06:54","slug":"paseo-en-santa-pau","status":"publish","type":"post","link":"https:\/\/fotosenderismo.com\/wordpress\/index.php\/2019\/05\/23\/paseo-en-santa-pau\/","title":{"rendered":"Paseo en Santa Pau"},"content":{"rendered":"\n<p><\/p>\n\n\n\n<figure class=\"wp-block-image aligncenter size-large\"><a href=\"https:\/\/photos.app.goo.gl\/nnGrruDzfuLju7ux6\" target=\"_blank\" rel=\"noreferrer noopener\"><img loading=\"lazy\" decoding=\"async\" width=\"400\" height=\"53\" src=\"https:\/\/fotosenderismo.com\/wordpress\/wp-content\/uploads\/2020\/01\/visualizar-galeria-fotos.jpg\" alt=\"\" class=\"wp-image-16637\" srcset=\"https:\/\/fotosenderismo.com\/wordpress\/wp-content\/uploads\/2020\/01\/visualizar-galeria-fotos.jpg 400w, https:\/\/fotosenderismo.com\/wordpress\/wp-content\/uploads\/2020\/01\/visualizar-galeria-fotos-300x40.jpg 300w\" sizes=\"auto, (max-width: 400px) 100vw, 400px\" \/><\/a><\/figure>\n\n\n\n<p><\/p>\n\n\n\n<figure class=\"wp-block-image\"><a href=\"http:\/\/fotosenderismo.com\/wordpress\/wp-content\/uploads\/2019\/05\/PASEO-SANTA-PAU-DATOS.jpg\" target=\"_blank\" rel=\"noreferrer noopener\"><img loading=\"lazy\" decoding=\"async\" width=\"1024\" height=\"717\" src=\"http:\/\/fotosenderismo.com\/wordpress\/wp-content\/uploads\/2019\/05\/PASEO-SANTA-PAU-DATOS-1024x717.jpg\" alt=\"\" class=\"wp-image-14383\" srcset=\"https:\/\/fotosenderismo.com\/wordpress\/wp-content\/uploads\/2019\/05\/PASEO-SANTA-PAU-DATOS-1024x717.jpg 1024w, https:\/\/fotosenderismo.com\/wordpress\/wp-content\/uploads\/2019\/05\/PASEO-SANTA-PAU-DATOS-300x210.jpg 300w, https:\/\/fotosenderismo.com\/wordpress\/wp-content\/uploads\/2019\/05\/PASEO-SANTA-PAU-DATOS-768x538.jpg 768w, https:\/\/fotosenderismo.com\/wordpress\/wp-content\/uploads\/2019\/05\/PASEO-SANTA-PAU-DATOS-800x560.jpg 800w, https:\/\/fotosenderismo.com\/wordpress\/wp-content\/uploads\/2019\/05\/PASEO-SANTA-PAU-DATOS.jpg 1418w\" sizes=\"auto, (max-width: 1024px) 100vw, 1024px\" \/><\/a><\/figure>\n\n\n\n<p><\/p>\n\n\n\n<figure class=\"wp-block-image aligncenter size-full\"><a href=\"https:\/\/fotosenderismo.com\/wordpress\/wp-content\/uploads\/2019-05-23-PASEO-SANTA-PAU.gpx\"><img loading=\"lazy\" decoding=\"async\" width=\"400\" height=\"50\" src=\"https:\/\/fotosenderismo.com\/wordpress\/wp-content\/uploads\/2024\/02\/descargar-track-9.jpg\" alt=\"\" class=\"wp-image-23007\" srcset=\"https:\/\/fotosenderismo.com\/wordpress\/wp-content\/uploads\/2024\/02\/descargar-track-9.jpg 400w, https:\/\/fotosenderismo.com\/wordpress\/wp-content\/uploads\/2024\/02\/descargar-track-9-300x38.jpg 300w\" sizes=\"auto, (max-width: 400px) 100vw, 400px\" \/><\/a><\/figure>\n\n\n\n<p><\/p>\n\n\n\n<figure class=\"wp-block-image aligncenter\"><a href=\"https:\/\/ca.wikiloc.com\/rutes-a-peu\/paseo-en-santa-pau-36765919\" target=\"_blank\" rel=\"noreferrer noopener\"><img loading=\"lazy\" decoding=\"async\" width=\"400\" height=\"52\" src=\"http:\/\/fotosenderismo.com\/wordpress\/wp-content\/uploads\/2019\/05\/track-wikiloc.jpg\" alt=\"\" class=\"wp-image-14261\" srcset=\"https:\/\/fotosenderismo.com\/wordpress\/wp-content\/uploads\/2019\/05\/track-wikiloc.jpg 400w, https:\/\/fotosenderismo.com\/wordpress\/wp-content\/uploads\/2019\/05\/track-wikiloc-300x39.jpg 300w\" sizes=\"auto, (max-width: 400px) 100vw, 400px\" \/><\/a><\/figure>\n\n\n\n<p><\/p>\n\n\n\n<p><\/p>\n\n\n\n<p class=\"has-drop-cap has-very-light-gray-background-color has-background\" style=\"font-size:19px\"> Paseo de casi 6 kil\u00f3metros en Santa Pau. Ninguna dificultad y acumula s\u00f3lo 100 metros de desnivel de subida. Solo hay que disfrutar del paisaje y del entorno. Para seguir el itinerario hay entrar en el  C\u00e1mping Masia Can Patxet. Est\u00e1 permitido y el camino amarillo pasa por all\u00ed, y hay una puerta para ello. Desde all\u00ed alcanzaremos la Font Fresca. A pesar de lo corta que es la excursi\u00f3n pasaremos por bonitos bosques y prados, todo ello enmarcado por la Serra de Sant Juli\u00e0 del Mont y la Serra de Finestres <\/p>\n\n\n\n<p><\/p>\n\n\n\n<figure class=\"wp-block-image\"><a href=\"http:\/\/fotosenderismo.com\/wordpress\/wp-content\/uploads\/2019\/05\/PASEO-SANTA-PAU-MAPA.jpg\" target=\"_blank\" rel=\"noreferrer noopener\"><img loading=\"lazy\" decoding=\"async\" width=\"1024\" height=\"576\" src=\"http:\/\/fotosenderismo.com\/wordpress\/wp-content\/uploads\/2019\/05\/PASEO-SANTA-PAU-MAPA-1024x576.jpg\" alt=\"\" class=\"wp-image-14387\" srcset=\"https:\/\/fotosenderismo.com\/wordpress\/wp-content\/uploads\/2019\/05\/PASEO-SANTA-PAU-MAPA-1024x576.jpg 1024w, https:\/\/fotosenderismo.com\/wordpress\/wp-content\/uploads\/2019\/05\/PASEO-SANTA-PAU-MAPA-300x169.jpg 300w, https:\/\/fotosenderismo.com\/wordpress\/wp-content\/uploads\/2019\/05\/PASEO-SANTA-PAU-MAPA-768x432.jpg 768w, https:\/\/fotosenderismo.com\/wordpress\/wp-content\/uploads\/2019\/05\/PASEO-SANTA-PAU-MAPA-800x450.jpg 800w, https:\/\/fotosenderismo.com\/wordpress\/wp-content\/uploads\/2019\/05\/PASEO-SANTA-PAU-MAPA.jpg 1920w\" sizes=\"auto, (max-width: 1024px) 100vw, 1024px\" \/><\/a><\/figure>\n\n\n\n<p><\/p>\n\n\n\n<figure class=\"wp-block-image\"><a href=\"http:\/\/fotosenderismo.com\/wordpress\/wp-content\/uploads\/2019\/05\/PASEO-SANTA-PAU-EARTH-1.jpg\" target=\"_blank\" rel=\"noreferrer noopener\"><img loading=\"lazy\" decoding=\"async\" width=\"1024\" height=\"518\" src=\"http:\/\/fotosenderismo.com\/wordpress\/wp-content\/uploads\/2019\/05\/PASEO-SANTA-PAU-EARTH-1-1024x518.jpg\" alt=\"\" class=\"wp-image-14384\" srcset=\"https:\/\/fotosenderismo.com\/wordpress\/wp-content\/uploads\/2019\/05\/PASEO-SANTA-PAU-EARTH-1-1024x518.jpg 1024w, https:\/\/fotosenderismo.com\/wordpress\/wp-content\/uploads\/2019\/05\/PASEO-SANTA-PAU-EARTH-1-300x152.jpg 300w, https:\/\/fotosenderismo.com\/wordpress\/wp-content\/uploads\/2019\/05\/PASEO-SANTA-PAU-EARTH-1-768x388.jpg 768w, https:\/\/fotosenderismo.com\/wordpress\/wp-content\/uploads\/2019\/05\/PASEO-SANTA-PAU-EARTH-1-800x405.jpg 800w, https:\/\/fotosenderismo.com\/wordpress\/wp-content\/uploads\/2019\/05\/PASEO-SANTA-PAU-EARTH-1.jpg 1920w\" sizes=\"auto, (max-width: 1024px) 100vw, 1024px\" \/><\/a><\/figure>\n\n\n\n<p><\/p>\n\n\n\n<figure class=\"wp-block-image\"><a href=\"http:\/\/fotosenderismo.com\/wordpress\/wp-content\/uploads\/2019\/05\/PASEO-SANTA-PAU-EARTH-2.jpg\" target=\"_blank\" rel=\"noreferrer noopener\"><img loading=\"lazy\" decoding=\"async\" width=\"1024\" height=\"518\" src=\"http:\/\/fotosenderismo.com\/wordpress\/wp-content\/uploads\/2019\/05\/PASEO-SANTA-PAU-EARTH-2-1024x518.jpg\" alt=\"\" class=\"wp-image-14385\" srcset=\"https:\/\/fotosenderismo.com\/wordpress\/wp-content\/uploads\/2019\/05\/PASEO-SANTA-PAU-EARTH-2-1024x518.jpg 1024w, https:\/\/fotosenderismo.com\/wordpress\/wp-content\/uploads\/2019\/05\/PASEO-SANTA-PAU-EARTH-2-300x152.jpg 300w, https:\/\/fotosenderismo.com\/wordpress\/wp-content\/uploads\/2019\/05\/PASEO-SANTA-PAU-EARTH-2-768x388.jpg 768w, https:\/\/fotosenderismo.com\/wordpress\/wp-content\/uploads\/2019\/05\/PASEO-SANTA-PAU-EARTH-2-800x405.jpg 800w, https:\/\/fotosenderismo.com\/wordpress\/wp-content\/uploads\/2019\/05\/PASEO-SANTA-PAU-EARTH-2.jpg 1920w\" sizes=\"auto, (max-width: 1024px) 100vw, 1024px\" \/><\/a><\/figure>\n\n\n\n<p><\/p>\n\n\n\n<figure class=\"wp-block-image\"><a href=\"http:\/\/fotosenderismo.com\/wordpress\/wp-content\/uploads\/2019\/05\/PASEO-SANTA-PAU-PERFIL.jpg\" target=\"_blank\" rel=\"noreferrer noopener\"><img loading=\"lazy\" decoding=\"async\" width=\"1024\" height=\"375\" src=\"http:\/\/fotosenderismo.com\/wordpress\/wp-content\/uploads\/2019\/05\/PASEO-SANTA-PAU-PERFIL-1024x375.jpg\" alt=\"\" class=\"wp-image-14388\" srcset=\"https:\/\/fotosenderismo.com\/wordpress\/wp-content\/uploads\/2019\/05\/PASEO-SANTA-PAU-PERFIL-1024x375.jpg 1024w, https:\/\/fotosenderismo.com\/wordpress\/wp-content\/uploads\/2019\/05\/PASEO-SANTA-PAU-PERFIL-300x110.jpg 300w, https:\/\/fotosenderismo.com\/wordpress\/wp-content\/uploads\/2019\/05\/PASEO-SANTA-PAU-PERFIL-768x282.jpg 768w, https:\/\/fotosenderismo.com\/wordpress\/wp-content\/uploads\/2019\/05\/PASEO-SANTA-PAU-PERFIL-800x293.jpg 800w, https:\/\/fotosenderismo.com\/wordpress\/wp-content\/uploads\/2019\/05\/PASEO-SANTA-PAU-PERFIL.jpg 1855w\" sizes=\"auto, (max-width: 1024px) 100vw, 1024px\" \/><\/a><\/figure>\n\n\n\n<p><\/p>\n\n\n\n<figure class=\"wp-block-image aligncenter\"><img loading=\"lazy\" decoding=\"async\" width=\"261\" height=\"37\" src=\"http:\/\/fotosenderismo.com\/wordpress\/wp-content\/uploads\/2019\/05\/RELACIONADAS-1.jpg\" alt=\"\" class=\"wp-image-14260\"\/><\/figure>\n\n\n\n<p><\/p>\n\n\n\n<figure class=\"wp-block-embed aligncenter is-type-wp-embed is-provider-fotosenderismo-com wp-block-embed-fotosenderismo-com\"><div class=\"wp-block-embed__wrapper\">\n<blockquote class=\"wp-embedded-content\" data-secret=\"ONCFQ8qVn2\"><a href=\"https:\/\/fotosenderismo.com\/wordpress\/index.php\/2019\/01\/03\/gorgues-de-santa-pau\/\">Gorgues de Santa Pau<\/a><\/blockquote><iframe loading=\"lazy\" class=\"wp-embedded-content\" sandbox=\"allow-scripts\" security=\"restricted\" style=\"position: absolute; clip: rect(1px, 1px, 1px, 1px);\" title=\"\u00abGorgues de Santa Pau\u00bb \u2014 FOTOSENDERISMO.COM\" src=\"https:\/\/fotosenderismo.com\/wordpress\/index.php\/2019\/01\/03\/gorgues-de-santa-pau\/embed\/#?secret=dRYxwQccqy#?secret=ONCFQ8qVn2\" data-secret=\"ONCFQ8qVn2\" width=\"600\" height=\"338\" frameborder=\"0\" marginwidth=\"0\" marginheight=\"0\" scrolling=\"no\"><\/iframe>\n<\/div><\/figure>\n\n\n\n<figure class=\"wp-block-embed aligncenter is-type-wp-embed is-provider-fotosenderismo-com wp-block-embed-fotosenderismo-com\"><div class=\"wp-block-embed__wrapper\">\n<blockquote class=\"wp-embedded-content\" data-secret=\"NpsVse15kG\"><a href=\"https:\/\/fotosenderismo.com\/wordpress\/index.php\/2018\/12\/30\/santa-pau-gorga-del-rat-buf-santa-maria-dels-arcs-salt-de-can-batlle\/\">Santa Pau, Gorga del Rat-buf, Santa Maria dels Arcs, Salt de Can Batlle<\/a><\/blockquote><iframe loading=\"lazy\" class=\"wp-embedded-content\" sandbox=\"allow-scripts\" security=\"restricted\" style=\"position: absolute; clip: rect(1px, 1px, 1px, 1px);\" title=\"\u00abSanta Pau, Gorga del Rat-buf, Santa Maria dels Arcs, Salt de Can Batlle\u00bb \u2014 FOTOSENDERISMO.COM\" src=\"https:\/\/fotosenderismo.com\/wordpress\/index.php\/2018\/12\/30\/santa-pau-gorga-del-rat-buf-santa-maria-dels-arcs-salt-de-can-batlle\/embed\/#?secret=lBw8fpoeeC#?secret=NpsVse15kG\" data-secret=\"NpsVse15kG\" width=\"600\" height=\"338\" frameborder=\"0\" marginwidth=\"0\" marginheight=\"0\" scrolling=\"no\"><\/iframe>\n<\/div><\/figure>\n\n\n\n<figure class=\"wp-block-embed aligncenter is-type-wp-embed is-provider-fotosenderismo-com wp-block-embed-fotosenderismo-com\"><div class=\"wp-block-embed__wrapper\">\n<blockquote class=\"wp-embedded-content\" data-secret=\"BH40O5GcY2\"><a href=\"https:\/\/fotosenderismo.com\/wordpress\/index.php\/2018\/11\/10\/santa-pau-coll-de-lalguer-pruan-sant-julia-del-mont-sant-abdo-el-bosquet-vell\/\">Santa Pau, Coll de l\u2019Alguer, Pruan, Sant Juli\u00e0 del Mont, Sant Abd\u00f3, El Bosquet Vell<\/a><\/blockquote><iframe loading=\"lazy\" class=\"wp-embedded-content\" sandbox=\"allow-scripts\" security=\"restricted\" style=\"position: absolute; clip: rect(1px, 1px, 1px, 1px);\" title=\"\u00abSanta Pau, Coll de l\u2019Alguer, Pruan, Sant Juli\u00e0 del Mont, Sant Abd\u00f3, El Bosquet Vell\u00bb \u2014 FOTOSENDERISMO.COM\" src=\"https:\/\/fotosenderismo.com\/wordpress\/index.php\/2018\/11\/10\/santa-pau-coll-de-lalguer-pruan-sant-julia-del-mont-sant-abdo-el-bosquet-vell\/embed\/#?secret=XY70G9uACZ#?secret=BH40O5GcY2\" data-secret=\"BH40O5GcY2\" width=\"600\" height=\"338\" frameborder=\"0\" marginwidth=\"0\" marginheight=\"0\" scrolling=\"no\"><\/iframe>\n<\/div><\/figure>\n","protected":false},"excerpt":{"rendered":"<p>Paseo de casi 6 kil\u00f3metros en Santa Pau. Ninguna dificultad y acumula  s\u00f3lo 100 metros de desnivel de subida. Solo hay que disfrutar del  paisaje y del entorno. Para seguir el itinerario hay entrar en el  C\u00e1mping Masia Can Patxet. Est\u00e1 permitido y el camino amarillo pasa por  all\u00ed, y hay una puerta para ello. Desde all\u00ed alcanzaremos la Font  Fresca. A pesar de lo corta que es la excursi\u00f3n pasaremos por bonitos  bosques y prados, todo ello enmarcado por la Serra de Sant Juli\u00e0 del  Mont y la Serra de Finestres <\/p>\n","protected":false},"author":1,"featured_media":14386,"comment_status":"open","ping_status":"closed","sticky":false,"template":"","format":"standard","meta":{"footnotes":""},"categories":[45,46,143,288,33,119,47,60],"tags":[187,98,177,223],"class_list":["post-14382","post","type-post","status-publish","format-standard","has-post-thumbnail","hentry","category-garrotxa","category-girona","category-1-5-volcanes","category-201-entre-5-y-10-km","category-menos-de-500","category-4-2-paseo","category-circular-tipo-de-recorrido","category-baja-montana-o-tierras-a-media-altitud","tag-fotos-by-eduard","tag-98","tag-eduard","tag-track-en-wikiloc"],"_links":{"self":[{"href":"https:\/\/fotosenderismo.com\/wordpress\/index.php\/wp-json\/wp\/v2\/posts\/14382","targetHints":{"allow":["GET"]}}],"collection":[{"href":"https:\/\/fotosenderismo.com\/wordpress\/index.php\/wp-json\/wp\/v2\/posts"}],"about":[{"href":"https:\/\/fotosenderismo.com\/wordpress\/index.php\/wp-json\/wp\/v2\/types\/post"}],"author":[{"embeddable":true,"href":"https:\/\/fotosenderismo.com\/wordpress\/index.php\/wp-json\/wp\/v2\/users\/1"}],"replies":[{"embeddable":true,"href":"https:\/\/fotosenderismo.com\/wordpress\/index.php\/wp-json\/wp\/v2\/comments?post=14382"}],"version-history":[{"count":10,"href":"https:\/\/fotosenderismo.com\/wordpress\/index.php\/wp-json\/wp\/v2\/posts\/14382\/revisions"}],"predecessor-version":[{"id":23092,"href":"https:\/\/fotosenderismo.com\/wordpress\/index.php\/wp-json\/wp\/v2\/posts\/14382\/revisions\/23092"}],"wp:featuredmedia":[{"embeddable":true,"href":"https:\/\/fotosenderismo.com\/wordpress\/index.php\/wp-json\/wp\/v2\/media\/14386"}],"wp:attachment":[{"href":"https:\/\/fotosenderismo.com\/wordpress\/index.php\/wp-json\/wp\/v2\/media?parent=14382"}],"wp:term":[{"taxonomy":"category","embeddable":true,"href":"https:\/\/fotosenderismo.com\/wordpress\/index.php\/wp-json\/wp\/v2\/categories?post=14382"},{"taxonomy":"post_tag","embeddable":true,"href":"https:\/\/fotosenderismo.com\/wordpress\/index.php\/wp-json\/wp\/v2\/tags?post=14382"}],"curies":[{"name":"wp","href":"https:\/\/api.w.org\/{rel}","templated":true}]}}