{"id":14053,"date":"2019-04-11T17:17:13","date_gmt":"2019-04-11T17:17:13","guid":{"rendered":"http:\/\/fotosenderismo.com\/wordpress\/?p=14053"},"modified":"2024-02-19T20:28:15","modified_gmt":"2024-02-19T20:28:15","slug":"serra-de-malforat-sant-salvador-de-bianya-cami-roma-sant-pau-de-seguries-coll-capsacosta","status":"publish","type":"post","link":"https:\/\/fotosenderismo.com\/wordpress\/index.php\/2019\/04\/11\/serra-de-malforat-sant-salvador-de-bianya-cami-roma-sant-pau-de-seguries-coll-capsacosta\/","title":{"rendered":"Serra de Malforat. Sant Salvador de Bianya, Cam\u00ed Rom\u00e0, Sant Pau de Seg\u00faries, Coll Capsacosta"},"content":{"rendered":"\n<p><\/p>\n\n\n\n<figure class=\"wp-block-image aligncenter\"><a href=\"https:\/\/photos.app.goo.gl\/rCnEwL1s7tRC3kQL8\" target=\"_blank\" rel=\"noreferrer noopener\"><img loading=\"lazy\" decoding=\"async\" width=\"400\" height=\"53\" src=\"http:\/\/fotosenderismo.com\/wordpress\/wp-content\/uploads\/2019\/08\/visualizar-galeria-fotos.jpg\" alt=\"\" class=\"wp-image-15105\" srcset=\"https:\/\/fotosenderismo.com\/wordpress\/wp-content\/uploads\/2019\/08\/visualizar-galeria-fotos.jpg 400w, https:\/\/fotosenderismo.com\/wordpress\/wp-content\/uploads\/2019\/08\/visualizar-galeria-fotos-300x40.jpg 300w\" sizes=\"auto, (max-width: 400px) 100vw, 400px\" \/><\/a><\/figure>\n\n\n\n<p><\/p>\n\n\n\n<figure class=\"wp-block-image\"><a href=\"http:\/\/fotosenderismo.com\/wordpress\/wp-content\/uploads\/2019\/04\/SALVADOR-PAU-DATOS-2.jpg\" target=\"_blank\" rel=\"noreferrer noopener\"><img loading=\"lazy\" decoding=\"async\" width=\"1024\" height=\"711\" src=\"http:\/\/fotosenderismo.com\/wordpress\/wp-content\/uploads\/2019\/04\/SALVADOR-PAU-DATOS-2-1024x711.jpg\" alt=\"\" class=\"wp-image-14061\" srcset=\"https:\/\/fotosenderismo.com\/wordpress\/wp-content\/uploads\/2019\/04\/SALVADOR-PAU-DATOS-2-1024x711.jpg 1024w, https:\/\/fotosenderismo.com\/wordpress\/wp-content\/uploads\/2019\/04\/SALVADOR-PAU-DATOS-2-300x208.jpg 300w, https:\/\/fotosenderismo.com\/wordpress\/wp-content\/uploads\/2019\/04\/SALVADOR-PAU-DATOS-2-768x533.jpg 768w, https:\/\/fotosenderismo.com\/wordpress\/wp-content\/uploads\/2019\/04\/SALVADOR-PAU-DATOS-2-800x555.jpg 800w, https:\/\/fotosenderismo.com\/wordpress\/wp-content\/uploads\/2019\/04\/SALVADOR-PAU-DATOS-2.jpg 1429w\" sizes=\"auto, (max-width: 1024px) 100vw, 1024px\" \/><\/a><\/figure>\n\n\n\n<p><\/p>\n\n\n\n<figure class=\"wp-block-image aligncenter size-full\"><a href=\"https:\/\/fotosenderismo.com\/wordpress\/wp-content\/uploads\/2019-04-11-MALFORAT-SANT-SALVADOR-VIA-ROMANA-SANT.gpx\"><img loading=\"lazy\" decoding=\"async\" width=\"400\" height=\"50\" src=\"https:\/\/fotosenderismo.com\/wordpress\/wp-content\/uploads\/2024\/02\/image-1.png\" alt=\"\" class=\"wp-image-23095\" srcset=\"https:\/\/fotosenderismo.com\/wordpress\/wp-content\/uploads\/2024\/02\/image-1.png 400w, https:\/\/fotosenderismo.com\/wordpress\/wp-content\/uploads\/2024\/02\/image-1-300x38.png 300w\" sizes=\"auto, (max-width: 400px) 100vw, 400px\" \/><\/a><\/figure>\n\n\n\n<p><\/p>\n\n\n\n<figure class=\"wp-block-image aligncenter\"><a href=\"https:\/\/ca.wikiloc.com\/rutes-senderisme\/serra-de-malforat-sant-salvador-de-bianya-cami-roma-sant-pau-de-seguries-coll-capsacosta-35105751\" target=\"_blank\" rel=\"noreferrer noopener\"><img loading=\"lazy\" decoding=\"async\" width=\"400\" height=\"52\" src=\"http:\/\/fotosenderismo.com\/wordpress\/wp-content\/uploads\/2019\/02\/track-wikiloc-1.jpg\" alt=\"\" class=\"wp-image-13636\" srcset=\"https:\/\/fotosenderismo.com\/wordpress\/wp-content\/uploads\/2019\/02\/track-wikiloc-1.jpg 400w, https:\/\/fotosenderismo.com\/wordpress\/wp-content\/uploads\/2019\/02\/track-wikiloc-1-300x39.jpg 300w\" sizes=\"auto, (max-width: 400px) 100vw, 400px\" \/><\/a><\/figure>\n\n\n\n<p><\/p>\n\n\n\n<p class=\"has-drop-cap has-very-light-gray-background-color has-background\" style=\"font-size:18px\"> Salida del 11 de abril de 2019 a la V\u00eda Romana de Capsacosta. Esta vez la excursi\u00f3n empieza en Sant Salvador de Bianya, en la Serra de  Malforat, y llega hasta la v\u00eda por un sendero amarillo. Por la V\u00eda Romana alcanza Sant Pau de Seg\u00faries y despu\u00e9s vuelve atr\u00e1s, pero se desv\u00eda para dirigirse a la Portella de Sant Salvador y el Coll de  Capsacosta, en la carretera que viene de Bianya. Desde el Coll toma un camino que desciende por un precioso bosque de encinas hasta Sant Salvador y el punto de inicio.  Excelentes senderos, bosques y vistas.<\/p>\n\n\n\n<p><\/p>\n\n\n\n<figure class=\"wp-block-image\"><a href=\"http:\/\/fotosenderismo.com\/wordpress\/wp-content\/uploads\/2019\/04\/SALVADOR-PAU-MAPA.jpg\" target=\"_blank\" rel=\"noreferrer noopener\"><img loading=\"lazy\" decoding=\"async\" width=\"1024\" height=\"576\" src=\"http:\/\/fotosenderismo.com\/wordpress\/wp-content\/uploads\/2019\/04\/SALVADOR-PAU-MAPA-1024x576.jpg\" alt=\"\" class=\"wp-image-14058\" srcset=\"https:\/\/fotosenderismo.com\/wordpress\/wp-content\/uploads\/2019\/04\/SALVADOR-PAU-MAPA-1024x576.jpg 1024w, https:\/\/fotosenderismo.com\/wordpress\/wp-content\/uploads\/2019\/04\/SALVADOR-PAU-MAPA-300x169.jpg 300w, https:\/\/fotosenderismo.com\/wordpress\/wp-content\/uploads\/2019\/04\/SALVADOR-PAU-MAPA-768x432.jpg 768w, https:\/\/fotosenderismo.com\/wordpress\/wp-content\/uploads\/2019\/04\/SALVADOR-PAU-MAPA-800x450.jpg 800w, https:\/\/fotosenderismo.com\/wordpress\/wp-content\/uploads\/2019\/04\/SALVADOR-PAU-MAPA.jpg 1920w\" sizes=\"auto, (max-width: 1024px) 100vw, 1024px\" \/><\/a><\/figure>\n\n\n\n<p><\/p>\n\n\n\n<figure><iframe loading=\"lazy\" src=\"https:\/\/ca.wikiloc.com\/wikiloc\/spatialArtifacts.do?event=view&amp;id=35105751&amp;measures=off&amp;title=off&amp;near=off&amp;images=off&amp;maptype=H\" width=\"1000\" height=\"1000\"><\/iframe><\/figure>\n\n\n\n<p>\nPowered by <a target=\"_blank\" href=\"https:\/\/ca.wikiloc.com\" rel=\"noreferrer noopener\">Wikiloc<\/a><\/p>\n\n\n\n<p><\/p>\n\n\n\n<figure class=\"wp-block-image\"><a href=\"http:\/\/fotosenderismo.com\/wordpress\/wp-content\/uploads\/2019\/04\/SALVADOR-PAU-EARTH-1.jpg\" target=\"_blank\" rel=\"noreferrer noopener\"><img loading=\"lazy\" decoding=\"async\" width=\"1024\" height=\"518\" src=\"http:\/\/fotosenderismo.com\/wordpress\/wp-content\/uploads\/2019\/04\/SALVADOR-PAU-EARTH-1-1024x518.jpg\" alt=\"\" class=\"wp-image-14055\" srcset=\"https:\/\/fotosenderismo.com\/wordpress\/wp-content\/uploads\/2019\/04\/SALVADOR-PAU-EARTH-1-1024x518.jpg 1024w, https:\/\/fotosenderismo.com\/wordpress\/wp-content\/uploads\/2019\/04\/SALVADOR-PAU-EARTH-1-300x152.jpg 300w, https:\/\/fotosenderismo.com\/wordpress\/wp-content\/uploads\/2019\/04\/SALVADOR-PAU-EARTH-1-768x388.jpg 768w, https:\/\/fotosenderismo.com\/wordpress\/wp-content\/uploads\/2019\/04\/SALVADOR-PAU-EARTH-1-800x405.jpg 800w, https:\/\/fotosenderismo.com\/wordpress\/wp-content\/uploads\/2019\/04\/SALVADOR-PAU-EARTH-1.jpg 1920w\" sizes=\"auto, (max-width: 1024px) 100vw, 1024px\" \/><\/a><\/figure>\n\n\n\n<p><\/p>\n\n\n\n<figure class=\"wp-block-image\"><a href=\"http:\/\/fotosenderismo.com\/wordpress\/wp-content\/uploads\/2019\/04\/SALVADOR-PAU-EARTH-2.jpg\" target=\"_blank\" rel=\"noreferrer noopener\"><img loading=\"lazy\" decoding=\"async\" width=\"1024\" height=\"518\" src=\"http:\/\/fotosenderismo.com\/wordpress\/wp-content\/uploads\/2019\/04\/SALVADOR-PAU-EARTH-2-1024x518.jpg\" alt=\"\" class=\"wp-image-14056\" srcset=\"https:\/\/fotosenderismo.com\/wordpress\/wp-content\/uploads\/2019\/04\/SALVADOR-PAU-EARTH-2-1024x518.jpg 1024w, https:\/\/fotosenderismo.com\/wordpress\/wp-content\/uploads\/2019\/04\/SALVADOR-PAU-EARTH-2-300x152.jpg 300w, https:\/\/fotosenderismo.com\/wordpress\/wp-content\/uploads\/2019\/04\/SALVADOR-PAU-EARTH-2-768x388.jpg 768w, https:\/\/fotosenderismo.com\/wordpress\/wp-content\/uploads\/2019\/04\/SALVADOR-PAU-EARTH-2-800x405.jpg 800w, https:\/\/fotosenderismo.com\/wordpress\/wp-content\/uploads\/2019\/04\/SALVADOR-PAU-EARTH-2.jpg 1920w\" sizes=\"auto, (max-width: 1024px) 100vw, 1024px\" \/><\/a><\/figure>\n\n\n\n<p><\/p>\n\n\n\n<figure class=\"wp-block-image\"><a href=\"http:\/\/fotosenderismo.com\/wordpress\/wp-content\/uploads\/2019\/04\/SALVADOR-PAU-PERFIL.jpg\" target=\"_blank\" rel=\"noreferrer noopener\"><img loading=\"lazy\" decoding=\"async\" width=\"1024\" height=\"334\" src=\"http:\/\/fotosenderismo.com\/wordpress\/wp-content\/uploads\/2019\/04\/SALVADOR-PAU-PERFIL-1024x334.jpg\" alt=\"\" class=\"wp-image-14059\" srcset=\"https:\/\/fotosenderismo.com\/wordpress\/wp-content\/uploads\/2019\/04\/SALVADOR-PAU-PERFIL-1024x334.jpg 1024w, https:\/\/fotosenderismo.com\/wordpress\/wp-content\/uploads\/2019\/04\/SALVADOR-PAU-PERFIL-300x98.jpg 300w, https:\/\/fotosenderismo.com\/wordpress\/wp-content\/uploads\/2019\/04\/SALVADOR-PAU-PERFIL-768x251.jpg 768w, https:\/\/fotosenderismo.com\/wordpress\/wp-content\/uploads\/2019\/04\/SALVADOR-PAU-PERFIL-800x261.jpg 800w, https:\/\/fotosenderismo.com\/wordpress\/wp-content\/uploads\/2019\/04\/SALVADOR-PAU-PERFIL.jpg 1851w\" sizes=\"auto, (max-width: 1024px) 100vw, 1024px\" \/><\/a><\/figure>\n\n\n\n<p><\/p>\n\n\n\n<figure class=\"wp-block-image aligncenter\"><img loading=\"lazy\" decoding=\"async\" width=\"261\" height=\"37\" src=\"http:\/\/fotosenderismo.com\/wordpress\/wp-content\/uploads\/2019\/02\/RELACIONADAS-1.jpg\" alt=\"\" class=\"wp-image-13635\"\/><\/figure>\n\n\n\n<p><\/p>\n\n\n\n<figure class=\"wp-block-embed aligncenter is-type-wp-embed is-provider-fotosenderismo-com wp-block-embed-fotosenderismo-com\"><div class=\"wp-block-embed__wrapper\">\n<blockquote class=\"wp-embedded-content\" data-secret=\"N7gQ0MSlqA\"><a href=\"https:\/\/fotosenderismo.com\/wordpress\/index.php\/2018\/03\/28\/circular-de-sant-salvador-de-bianya-serra-de-malforat-vall-den-bac-capsacosta\/\">Circular de Sant Salvador de Bianya. Serra de Malforat, Vall d&#8217;en Bac, Capsacosta<\/a><\/blockquote><iframe loading=\"lazy\" class=\"wp-embedded-content\" sandbox=\"allow-scripts\" security=\"restricted\" style=\"position: absolute; clip: rect(1px, 1px, 1px, 1px);\" title=\"\u00abCircular de Sant Salvador de Bianya. Serra de Malforat, Vall d&#8217;en Bac, Capsacosta\u00bb \u2014 FOTOSENDERISMO.COM\" src=\"https:\/\/fotosenderismo.com\/wordpress\/index.php\/2018\/03\/28\/circular-de-sant-salvador-de-bianya-serra-de-malforat-vall-den-bac-capsacosta\/embed\/#?secret=s86343Cu5k#?secret=N7gQ0MSlqA\" data-secret=\"N7gQ0MSlqA\" width=\"600\" height=\"338\" frameborder=\"0\" marginwidth=\"0\" marginheight=\"0\" scrolling=\"no\"><\/iframe>\n<\/div><\/figure>\n\n\n\n<p><\/p>\n\n\n\n<figure class=\"wp-block-embed aligncenter is-type-wp-embed is-provider-fotosenderismo-com wp-block-embed-fotosenderismo-com\"><div class=\"wp-block-embed__wrapper\">\n<blockquote class=\"wp-embedded-content\" data-secret=\"CSlABC5KC6\"><a href=\"https:\/\/fotosenderismo.com\/wordpress\/index.php\/2018\/04\/22\/sant-pau-de-seguries-serra-de-malforat-puig-dou-sant-bartomeu-del-sitjar\/\">Sant Pau de Seg\u00faries, Serra de Malforat, Puig d\u2019Ou, Sant Bartomeu del Sitjar<\/a><\/blockquote><iframe loading=\"lazy\" class=\"wp-embedded-content\" sandbox=\"allow-scripts\" security=\"restricted\" style=\"position: absolute; clip: rect(1px, 1px, 1px, 1px);\" title=\"\u00abSant Pau de Seg\u00faries, Serra de Malforat, Puig d\u2019Ou, Sant Bartomeu del Sitjar\u00bb \u2014 FOTOSENDERISMO.COM\" src=\"https:\/\/fotosenderismo.com\/wordpress\/index.php\/2018\/04\/22\/sant-pau-de-seguries-serra-de-malforat-puig-dou-sant-bartomeu-del-sitjar\/embed\/#?secret=MDFpISz5q7#?secret=CSlABC5KC6\" data-secret=\"CSlABC5KC6\" width=\"600\" height=\"338\" frameborder=\"0\" marginwidth=\"0\" marginheight=\"0\" scrolling=\"no\"><\/iframe>\n<\/div><\/figure>\n\n\n\n<figure class=\"wp-block-embed aligncenter is-type-wp-embed is-provider-fotosenderismo-com wp-block-embed-fotosenderismo-com\"><div class=\"wp-block-embed__wrapper\">\n<blockquote class=\"wp-embedded-content\" data-secret=\"Ywjqxp0SeI\"><a href=\"https:\/\/fotosenderismo.com\/wordpress\/index.php\/2018\/10\/09\/serra-de-malforat-de-castellfollit-al-coll-de-vivers\/\">Serra de Malforat. De Castellfollit al Coll de Vivers<\/a><\/blockquote><iframe loading=\"lazy\" class=\"wp-embedded-content\" sandbox=\"allow-scripts\" security=\"restricted\" style=\"position: absolute; clip: rect(1px, 1px, 1px, 1px);\" title=\"\u00abSerra de Malforat. De Castellfollit al Coll de Vivers\u00bb \u2014 FOTOSENDERISMO.COM\" src=\"https:\/\/fotosenderismo.com\/wordpress\/index.php\/2018\/10\/09\/serra-de-malforat-de-castellfollit-al-coll-de-vivers\/embed\/#?secret=eOwI5LEXwY#?secret=Ywjqxp0SeI\" data-secret=\"Ywjqxp0SeI\" width=\"600\" height=\"338\" frameborder=\"0\" marginwidth=\"0\" marginheight=\"0\" scrolling=\"no\"><\/iframe>\n<\/div><\/figure>\n\n\n\n<p><\/p>\n","protected":false},"excerpt":{"rendered":"<p> Salida del 11 de abril de 2019 a la V\u00eda Romana de Capsacosta. Esta vez  la excursi\u00f3n empieza en Sant Salvador de Bianya, en la Serra de  Malforat, y llega hasta la v\u00eda por un sendero amarillo. Por la V\u00eda  Romana alcanza Sant Pau de Seg\u00faries y despu\u00e9s vuelve atr\u00e1s pero se  desv\u00eda para dirigirse a la Portella de Sant Salvador y el Coll de  Capsacosta, en la carretera que viene de Bianya. Desde el Coll toma un  camino que desciende por un precioso bosque de encinas hasta Sant  Salvador y el punto de inicio.  Excelentes senderos, bosques y vistas.<\/p>\n","protected":false},"author":1,"featured_media":14057,"comment_status":"open","ping_status":"closed","sticky":false,"template":"","format":"standard","meta":{"footnotes":""},"categories":[45,46,53,54,288,34,42,47,48],"tags":[187,98,177,223],"class_list":["post-14053","post","type-post","status-publish","format-standard","has-post-thumbnail","hentry","category-garrotxa","category-girona","category-ripolles","category-pirineo-de-gerona","category-201-entre-5-y-10-km","category-entre-500-y-1000-metros","category-senderismo","category-circular-tipo-de-recorrido","category-media-montana-o-terrenos-altos","tag-fotos-by-eduard","tag-98","tag-eduard","tag-track-en-wikiloc"],"_links":{"self":[{"href":"https:\/\/fotosenderismo.com\/wordpress\/index.php\/wp-json\/wp\/v2\/posts\/14053","targetHints":{"allow":["GET"]}}],"collection":[{"href":"https:\/\/fotosenderismo.com\/wordpress\/index.php\/wp-json\/wp\/v2\/posts"}],"about":[{"href":"https:\/\/fotosenderismo.com\/wordpress\/index.php\/wp-json\/wp\/v2\/types\/post"}],"author":[{"embeddable":true,"href":"https:\/\/fotosenderismo.com\/wordpress\/index.php\/wp-json\/wp\/v2\/users\/1"}],"replies":[{"embeddable":true,"href":"https:\/\/fotosenderismo.com\/wordpress\/index.php\/wp-json\/wp\/v2\/comments?post=14053"}],"version-history":[{"count":12,"href":"https:\/\/fotosenderismo.com\/wordpress\/index.php\/wp-json\/wp\/v2\/posts\/14053\/revisions"}],"predecessor-version":[{"id":23145,"href":"https:\/\/fotosenderismo.com\/wordpress\/index.php\/wp-json\/wp\/v2\/posts\/14053\/revisions\/23145"}],"wp:featuredmedia":[{"embeddable":true,"href":"https:\/\/fotosenderismo.com\/wordpress\/index.php\/wp-json\/wp\/v2\/media\/14057"}],"wp:attachment":[{"href":"https:\/\/fotosenderismo.com\/wordpress\/index.php\/wp-json\/wp\/v2\/media?parent=14053"}],"wp:term":[{"taxonomy":"category","embeddable":true,"href":"https:\/\/fotosenderismo.com\/wordpress\/index.php\/wp-json\/wp\/v2\/categories?post=14053"},{"taxonomy":"post_tag","embeddable":true,"href":"https:\/\/fotosenderismo.com\/wordpress\/index.php\/wp-json\/wp\/v2\/tags?post=14053"}],"curies":[{"name":"wp","href":"https:\/\/api.w.org\/{rel}","templated":true}]}}