{"id":13866,"date":"2019-03-24T19:57:10","date_gmt":"2019-03-24T19:57:10","guid":{"rendered":"http:\/\/fotosenderismo.com\/wordpress\/?p=13866"},"modified":"2024-02-19T20:45:59","modified_gmt":"2024-02-19T20:45:59","slug":"coll-de-canes-santa-magdalena-de-cambrils-castell-de-milany-vallfogona-puigsestela","status":"publish","type":"post","link":"https:\/\/fotosenderismo.com\/wordpress\/index.php\/2019\/03\/24\/coll-de-canes-santa-magdalena-de-cambrils-castell-de-milany-vallfogona-puigsestela\/","title":{"rendered":"Coll de Canes, Santa Magdalena de Cambrils, Castell de Milany, Vallfogona, Puigsestela"},"content":{"rendered":"\n<p><\/p>\n\n\n\n<figure class=\"wp-block-image aligncenter\"><a href=\"https:\/\/photos.app.goo.gl\/rBrJgfGorbh4LxnX6\" target=\"_blank\" rel=\"noreferrer noopener\"><img loading=\"lazy\" decoding=\"async\" width=\"400\" height=\"53\" src=\"http:\/\/fotosenderismo.com\/wordpress\/wp-content\/uploads\/2019\/08\/visualizar-galeria-fotos.jpg\" alt=\"\" class=\"wp-image-15105\" srcset=\"https:\/\/fotosenderismo.com\/wordpress\/wp-content\/uploads\/2019\/08\/visualizar-galeria-fotos.jpg 400w, https:\/\/fotosenderismo.com\/wordpress\/wp-content\/uploads\/2019\/08\/visualizar-galeria-fotos-300x40.jpg 300w\" sizes=\"auto, (max-width: 400px) 100vw, 400px\" \/><\/a><\/figure>\n\n\n\n<p><\/p>\n\n\n\n<figure class=\"wp-block-image\"><a href=\"http:\/\/fotosenderismo.com\/wordpress\/wp-content\/uploads\/2019\/03\/MAGDALENA-MILANY-ESTELA-DATOS.jpg\" target=\"_blank\" rel=\"noreferrer noopener\"><img loading=\"lazy\" decoding=\"async\" width=\"1024\" height=\"804\" src=\"http:\/\/fotosenderismo.com\/wordpress\/wp-content\/uploads\/2019\/03\/MAGDALENA-MILANY-ESTELA-DATOS-1024x804.jpg\" alt=\"\" class=\"wp-image-13867\" srcset=\"https:\/\/fotosenderismo.com\/wordpress\/wp-content\/uploads\/2019\/03\/MAGDALENA-MILANY-ESTELA-DATOS-1024x804.jpg 1024w, https:\/\/fotosenderismo.com\/wordpress\/wp-content\/uploads\/2019\/03\/MAGDALENA-MILANY-ESTELA-DATOS-300x236.jpg 300w, https:\/\/fotosenderismo.com\/wordpress\/wp-content\/uploads\/2019\/03\/MAGDALENA-MILANY-ESTELA-DATOS-768x603.jpg 768w, https:\/\/fotosenderismo.com\/wordpress\/wp-content\/uploads\/2019\/03\/MAGDALENA-MILANY-ESTELA-DATOS-800x628.jpg 800w, https:\/\/fotosenderismo.com\/wordpress\/wp-content\/uploads\/2019\/03\/MAGDALENA-MILANY-ESTELA-DATOS.jpg 1262w\" sizes=\"auto, (max-width: 1024px) 100vw, 1024px\" \/><\/a><\/figure>\n\n\n\n<p><\/p>\n\n\n\n<figure class=\"wp-block-image aligncenter size-full\"><a href=\"https:\/\/fotosenderismo.com\/wordpress\/wp-content\/uploads\/2019-03-24-CANES-MAGDALENA-MILANY-ESTELA.gpx\"><img loading=\"lazy\" decoding=\"async\" width=\"400\" height=\"50\" src=\"https:\/\/fotosenderismo.com\/wordpress\/wp-content\/uploads\/2024\/02\/image.png\" alt=\"\" class=\"wp-image-23094\" srcset=\"https:\/\/fotosenderismo.com\/wordpress\/wp-content\/uploads\/2024\/02\/image.png 400w, https:\/\/fotosenderismo.com\/wordpress\/wp-content\/uploads\/2024\/02\/image-300x38.png 300w\" sizes=\"auto, (max-width: 400px) 100vw, 400px\" \/><\/a><\/figure>\n\n\n\n<p><\/p>\n\n\n\n<figure class=\"wp-block-image aligncenter\"><a href=\"https:\/\/ca.wikiloc.com\/rutes-senderisme\/coll-de-canes-santa-magdalena-de-cambrils-castell-de-milany-vallfogona-puigsestela-34525117\" target=\"_blank\" rel=\"noreferrer noopener\"><img loading=\"lazy\" decoding=\"async\" width=\"400\" height=\"52\" src=\"http:\/\/fotosenderismo.com\/wordpress\/wp-content\/uploads\/2019\/02\/track-wikiloc-1.jpg\" alt=\"\" class=\"wp-image-13636\" srcset=\"https:\/\/fotosenderismo.com\/wordpress\/wp-content\/uploads\/2019\/02\/track-wikiloc-1.jpg 400w, https:\/\/fotosenderismo.com\/wordpress\/wp-content\/uploads\/2019\/02\/track-wikiloc-1-300x39.jpg 300w\" sizes=\"auto, (max-width: 400px) 100vw, 400px\" \/><\/a><\/figure>\n\n\n\n<p><\/p>\n\n\n\n<p class=\"has-drop-cap has-very-light-gray-background-color has-background\" style=\"font-size:18px\"> Salida del 23 y 24 de marzo de 2019. Aunque la hicimos en dos d\u00edas porque el plan era pasar una noche en casa rural de Vallfogona, se puede hacer en un d\u00eda si tenemos ganas de hacer alg\u00fan esfuerzo suplementario.  El itinerario ha sido seleccionado y preparado por un colaborador de  fotosenderismo y es el fruto del trabajo de exploraci\u00f3n de todos. Pasa tanto por las cumbres dominantes de la zona como por los caminos m\u00e1s espectaculares, y es sumamente dif\u00edcil decidir cu\u00e1l es el mejor tramo, ya que casi todo \u00e9l es un regalo a la vista. Adem\u00e1s, gracias al conocimiento del cielo del editor de la ruta, pudimos contemplar las estrellas y ubicar a muchas de ellas en esta parte del paisaje natural del que muchas veces nos olvidamos. Quiz\u00e1 en las profundidades del espacio no haya dioses, como supon\u00edan los antiguos, pero tampoco hace falta, porque las estrellas, creando el polvo de la vida, tambi\u00e9n nos han creado a nosotros y todo lo que nos rodea en este mundo. <\/p>\n\n\n\n<p><\/p>\n\n\n\n<figure class=\"wp-block-image\"><a href=\"http:\/\/fotosenderismo.com\/wordpress\/wp-content\/uploads\/2019\/03\/MAGDALENA-MILANY-ESTELA-MAPA.jpg\" target=\"_blank\" rel=\"noreferrer noopener\"><img loading=\"lazy\" decoding=\"async\" width=\"1024\" height=\"895\" src=\"http:\/\/fotosenderismo.com\/wordpress\/wp-content\/uploads\/2019\/03\/MAGDALENA-MILANY-ESTELA-MAPA-1024x895.jpg\" alt=\"\" class=\"wp-image-13871\" srcset=\"https:\/\/fotosenderismo.com\/wordpress\/wp-content\/uploads\/2019\/03\/MAGDALENA-MILANY-ESTELA-MAPA-1024x895.jpg 1024w, https:\/\/fotosenderismo.com\/wordpress\/wp-content\/uploads\/2019\/03\/MAGDALENA-MILANY-ESTELA-MAPA-300x262.jpg 300w, https:\/\/fotosenderismo.com\/wordpress\/wp-content\/uploads\/2019\/03\/MAGDALENA-MILANY-ESTELA-MAPA-768x671.jpg 768w, https:\/\/fotosenderismo.com\/wordpress\/wp-content\/uploads\/2019\/03\/MAGDALENA-MILANY-ESTELA-MAPA-800x699.jpg 800w, https:\/\/fotosenderismo.com\/wordpress\/wp-content\/uploads\/2019\/03\/MAGDALENA-MILANY-ESTELA-MAPA.jpg 1901w\" sizes=\"auto, (max-width: 1024px) 100vw, 1024px\" \/><\/a><\/figure>\n\n\n\n<p><\/p>\n\n\n\n<figure><iframe loading=\"lazy\" src=\"https:\/\/ca.wikiloc.com\/wikiloc\/spatialArtifacts.do?event=view&amp;id=34525117&amp;measures=off&amp;title=off&amp;near=off&amp;images=on&amp;maptype=T\" width=\"1000\" height=\"1000\"><\/iframe><\/figure>\n\n\n\n<p>\nPowered by <a target=\"_blank\" href=\"https:\/\/ca.wikiloc.com\" rel=\"noreferrer noopener\">Wikiloc<\/a><\/p>\n\n\n\n<p><\/p>\n\n\n\n<figure class=\"wp-block-image\"><a href=\"http:\/\/fotosenderismo.com\/wordpress\/wp-content\/uploads\/2019\/03\/MAGDALENA-MILANY-ESTELA-EARTH-1.jpg\" target=\"_blank\" rel=\"noreferrer noopener\"><img loading=\"lazy\" decoding=\"async\" width=\"1024\" height=\"518\" src=\"http:\/\/fotosenderismo.com\/wordpress\/wp-content\/uploads\/2019\/03\/MAGDALENA-MILANY-ESTELA-EARTH-1-1024x518.jpg\" alt=\"\" class=\"wp-image-13868\" srcset=\"https:\/\/fotosenderismo.com\/wordpress\/wp-content\/uploads\/2019\/03\/MAGDALENA-MILANY-ESTELA-EARTH-1-1024x518.jpg 1024w, https:\/\/fotosenderismo.com\/wordpress\/wp-content\/uploads\/2019\/03\/MAGDALENA-MILANY-ESTELA-EARTH-1-300x152.jpg 300w, https:\/\/fotosenderismo.com\/wordpress\/wp-content\/uploads\/2019\/03\/MAGDALENA-MILANY-ESTELA-EARTH-1-768x388.jpg 768w, https:\/\/fotosenderismo.com\/wordpress\/wp-content\/uploads\/2019\/03\/MAGDALENA-MILANY-ESTELA-EARTH-1-800x405.jpg 800w, https:\/\/fotosenderismo.com\/wordpress\/wp-content\/uploads\/2019\/03\/MAGDALENA-MILANY-ESTELA-EARTH-1.jpg 1920w\" sizes=\"auto, (max-width: 1024px) 100vw, 1024px\" \/><\/a><\/figure>\n\n\n\n<p><\/p>\n\n\n\n<figure class=\"wp-block-image\"><a href=\"http:\/\/fotosenderismo.com\/wordpress\/wp-content\/uploads\/2019\/03\/MAGDALENA-MILANY-ESTELA-EARTH-2.jpg\" target=\"_blank\" rel=\"noreferrer noopener\"><img loading=\"lazy\" decoding=\"async\" width=\"1024\" height=\"518\" src=\"http:\/\/fotosenderismo.com\/wordpress\/wp-content\/uploads\/2019\/03\/MAGDALENA-MILANY-ESTELA-EARTH-2-1024x518.jpg\" alt=\"\" class=\"wp-image-13869\" srcset=\"https:\/\/fotosenderismo.com\/wordpress\/wp-content\/uploads\/2019\/03\/MAGDALENA-MILANY-ESTELA-EARTH-2-1024x518.jpg 1024w, https:\/\/fotosenderismo.com\/wordpress\/wp-content\/uploads\/2019\/03\/MAGDALENA-MILANY-ESTELA-EARTH-2-300x152.jpg 300w, https:\/\/fotosenderismo.com\/wordpress\/wp-content\/uploads\/2019\/03\/MAGDALENA-MILANY-ESTELA-EARTH-2-768x388.jpg 768w, https:\/\/fotosenderismo.com\/wordpress\/wp-content\/uploads\/2019\/03\/MAGDALENA-MILANY-ESTELA-EARTH-2-800x405.jpg 800w, https:\/\/fotosenderismo.com\/wordpress\/wp-content\/uploads\/2019\/03\/MAGDALENA-MILANY-ESTELA-EARTH-2.jpg 1920w\" sizes=\"auto, (max-width: 1024px) 100vw, 1024px\" \/><\/a><\/figure>\n\n\n\n<p><\/p>\n\n\n\n<figure class=\"wp-block-image\"><a href=\"http:\/\/fotosenderismo.com\/wordpress\/wp-content\/uploads\/2019\/03\/MAGDALENA-MILANY-ESTELA-PERFIL.jpg\" target=\"_blank\" rel=\"noreferrer noopener\"><img loading=\"lazy\" decoding=\"async\" width=\"1024\" height=\"424\" src=\"http:\/\/fotosenderismo.com\/wordpress\/wp-content\/uploads\/2019\/03\/MAGDALENA-MILANY-ESTELA-PERFIL-1024x424.jpg\" alt=\"\" class=\"wp-image-13872\" srcset=\"https:\/\/fotosenderismo.com\/wordpress\/wp-content\/uploads\/2019\/03\/MAGDALENA-MILANY-ESTELA-PERFIL-1024x424.jpg 1024w, https:\/\/fotosenderismo.com\/wordpress\/wp-content\/uploads\/2019\/03\/MAGDALENA-MILANY-ESTELA-PERFIL-300x124.jpg 300w, https:\/\/fotosenderismo.com\/wordpress\/wp-content\/uploads\/2019\/03\/MAGDALENA-MILANY-ESTELA-PERFIL-768x318.jpg 768w, https:\/\/fotosenderismo.com\/wordpress\/wp-content\/uploads\/2019\/03\/MAGDALENA-MILANY-ESTELA-PERFIL-800x331.jpg 800w, https:\/\/fotosenderismo.com\/wordpress\/wp-content\/uploads\/2019\/03\/MAGDALENA-MILANY-ESTELA-PERFIL.jpg 1856w\" sizes=\"auto, (max-width: 1024px) 100vw, 1024px\" \/><\/a><\/figure>\n\n\n\n<p><\/p>\n\n\n\n<figure class=\"wp-block-image aligncenter\"><img loading=\"lazy\" decoding=\"async\" width=\"261\" height=\"37\" src=\"http:\/\/fotosenderismo.com\/wordpress\/wp-content\/uploads\/2019\/02\/RELACIONADAS-1.jpg\" alt=\"\" class=\"wp-image-13635\"\/><\/figure>\n\n\n\n<p><\/p>\n\n\n\n<figure class=\"wp-block-embed aligncenter is-type-wp-embed is-provider-fotosenderismo-com wp-block-embed-fotosenderismo-com\"><div class=\"wp-block-embed__wrapper\">\n<blockquote class=\"wp-embedded-content\" data-secret=\"7C9FsZU7ab\"><a href=\"https:\/\/fotosenderismo.com\/wordpress\/index.php\/2018\/11\/11\/coll-de-canes-baga-de-la-clapera-torrent-de-la-bauma-valfogona-serra-puig-destela\/\">Coll de Canes, Baga de la Clapera, Torrent de la Bauma, Vallfogona, Serra Puig d\u2019Estela<\/a><\/blockquote><iframe loading=\"lazy\" class=\"wp-embedded-content\" sandbox=\"allow-scripts\" security=\"restricted\" style=\"position: absolute; clip: rect(1px, 1px, 1px, 1px);\" title=\"\u00abColl de Canes, Baga de la Clapera, Torrent de la Bauma, Vallfogona, Serra Puig d\u2019Estela\u00bb \u2014 FOTOSENDERISMO.COM\" src=\"https:\/\/fotosenderismo.com\/wordpress\/index.php\/2018\/11\/11\/coll-de-canes-baga-de-la-clapera-torrent-de-la-bauma-valfogona-serra-puig-destela\/embed\/#?secret=7rqyQH8RRg#?secret=7C9FsZU7ab\" data-secret=\"7C9FsZU7ab\" width=\"600\" height=\"338\" frameborder=\"0\" marginwidth=\"0\" marginheight=\"0\" scrolling=\"no\"><\/iframe>\n<\/div><\/figure>\n\n\n\n<figure class=\"wp-block-embed aligncenter is-type-wp-embed is-provider-fotosenderismo-com wp-block-embed-fotosenderismo-com\"><div class=\"wp-block-embed__wrapper\">\n<blockquote class=\"wp-embedded-content\" data-secret=\"e4CtQSx70M\"><a href=\"https:\/\/fotosenderismo.com\/wordpress\/index.php\/2018\/11\/07\/coll-de-canes-serra-de-santa-magdalena-pla-de-falgars\/\">Coll de Canes, Serra de Santa Magdalena, Pla de Falgars<\/a><\/blockquote><iframe loading=\"lazy\" class=\"wp-embedded-content\" sandbox=\"allow-scripts\" security=\"restricted\" style=\"position: absolute; clip: rect(1px, 1px, 1px, 1px);\" title=\"\u00abColl de Canes, Serra de Santa Magdalena, Pla de Falgars\u00bb \u2014 FOTOSENDERISMO.COM\" src=\"https:\/\/fotosenderismo.com\/wordpress\/index.php\/2018\/11\/07\/coll-de-canes-serra-de-santa-magdalena-pla-de-falgars\/embed\/#?secret=Gl02rDUGjc#?secret=e4CtQSx70M\" data-secret=\"e4CtQSx70M\" width=\"600\" height=\"338\" frameborder=\"0\" marginwidth=\"0\" marginheight=\"0\" scrolling=\"no\"><\/iframe>\n<\/div><\/figure>\n\n\n\n<figure class=\"wp-block-embed aligncenter is-type-wp-embed is-provider-fotosenderismo-com wp-block-embed-fotosenderismo-com\"><div class=\"wp-block-embed__wrapper\">\n<blockquote class=\"wp-embedded-content\" data-secret=\"zA17gvigUo\"><a href=\"https:\/\/fotosenderismo.com\/wordpress\/index.php\/2018\/02\/22\/coll-de-canes-pla-de-falgars-vallfogona-de-ripolles-22-02-2018\/\">Vallfogona de Ripoll\u00e9s. Coll de Canes, Pla de Falgars<\/a><\/blockquote><iframe loading=\"lazy\" class=\"wp-embedded-content\" sandbox=\"allow-scripts\" security=\"restricted\" style=\"position: absolute; clip: rect(1px, 1px, 1px, 1px);\" title=\"\u00abVallfogona de Ripoll\u00e9s. Coll de Canes, Pla de Falgars\u00bb \u2014 FOTOSENDERISMO.COM\" src=\"https:\/\/fotosenderismo.com\/wordpress\/index.php\/2018\/02\/22\/coll-de-canes-pla-de-falgars-vallfogona-de-ripolles-22-02-2018\/embed\/#?secret=442oiA52pn#?secret=zA17gvigUo\" data-secret=\"zA17gvigUo\" width=\"600\" height=\"338\" frameborder=\"0\" marginwidth=\"0\" marginheight=\"0\" scrolling=\"no\"><\/iframe>\n<\/div><\/figure>\n","protected":false},"excerpt":{"rendered":"<p>Salida del 23 y 24 de marzo de 2019. Aunque la hicimos en dos d\u00edas  porque el plan era pasar una noche en casa rural de Vallfogona, se puede  hacer en un d\u00eda si tenemos ganas de hacer alg\u00fan esfuerzo suplementario.  El itinerario ha sido seleccionado y preparado por un colaborador de  fotosenderismo y es el fruto del trabajo de exploraci\u00f3n de todos. Pasa  tanto por la cumbres dominantes de la zona como por los caminos m\u00e1s  espectaculares, y es sumamente dif\u00edcil decidir cual es el mejor tramo,  ya que casi todo \u00e9l es un regalo a la vista. Adem\u00e1s, gracias al  conocimiento del cielo del editor de la ruta, pudimos contemplar las  estrellas y ubicar a muchas de ellas en esta parte del paisaje natural  del que muchas veces nos olvidamos. Quiz\u00e1 en las profundidades del  espacio no haya dioses, como supon\u00edan los antiguos, pero tampoco hace  falta, porque las estrellas, creando el polvo de la vida, tambi\u00e9n nos han  creado a nosotros y todo lo que nos rodea en este mundo. <\/p>\n","protected":false},"author":1,"featured_media":13870,"comment_status":"open","ping_status":"closed","sticky":false,"template":"","format":"standard","meta":{"footnotes":""},"categories":[45,46,53,43,57,142,284,35,42,47,50],"tags":[187,98,256,223],"class_list":["post-13866","post","type-post","status-publish","format-standard","has-post-thumbnail","hentry","category-garrotxa","category-girona","category-ripolles","category-barcelona","category-osona","category-bellmunt-milany","category-204-entre-30-y-35-km","category-entre-1000-y-1500-metros","category-senderismo","category-circular-tipo-de-recorrido","category-alta-montana","tag-fotos-by-eduard","tag-98","tag-track-by-gerard","tag-track-en-wikiloc"],"_links":{"self":[{"href":"https:\/\/fotosenderismo.com\/wordpress\/index.php\/wp-json\/wp\/v2\/posts\/13866","targetHints":{"allow":["GET"]}}],"collection":[{"href":"https:\/\/fotosenderismo.com\/wordpress\/index.php\/wp-json\/wp\/v2\/posts"}],"about":[{"href":"https:\/\/fotosenderismo.com\/wordpress\/index.php\/wp-json\/wp\/v2\/types\/post"}],"author":[{"embeddable":true,"href":"https:\/\/fotosenderismo.com\/wordpress\/index.php\/wp-json\/wp\/v2\/users\/1"}],"replies":[{"embeddable":true,"href":"https:\/\/fotosenderismo.com\/wordpress\/index.php\/wp-json\/wp\/v2\/comments?post=13866"}],"version-history":[{"count":12,"href":"https:\/\/fotosenderismo.com\/wordpress\/index.php\/wp-json\/wp\/v2\/posts\/13866\/revisions"}],"predecessor-version":[{"id":23159,"href":"https:\/\/fotosenderismo.com\/wordpress\/index.php\/wp-json\/wp\/v2\/posts\/13866\/revisions\/23159"}],"wp:featuredmedia":[{"embeddable":true,"href":"https:\/\/fotosenderismo.com\/wordpress\/index.php\/wp-json\/wp\/v2\/media\/13870"}],"wp:attachment":[{"href":"https:\/\/fotosenderismo.com\/wordpress\/index.php\/wp-json\/wp\/v2\/media?parent=13866"}],"wp:term":[{"taxonomy":"category","embeddable":true,"href":"https:\/\/fotosenderismo.com\/wordpress\/index.php\/wp-json\/wp\/v2\/categories?post=13866"},{"taxonomy":"post_tag","embeddable":true,"href":"https:\/\/fotosenderismo.com\/wordpress\/index.php\/wp-json\/wp\/v2\/tags?post=13866"}],"curies":[{"name":"wp","href":"https:\/\/api.w.org\/{rel}","templated":true}]}}