{"id":13425,"date":"2019-01-31T17:30:51","date_gmt":"2019-01-31T17:30:51","guid":{"rendered":"http:\/\/fotosenderismo.com\/wordpress\/?p=13425"},"modified":"2024-02-20T16:20:40","modified_gmt":"2024-02-20T16:20:40","slug":"oix-pont-trencat-cami-y-sender-de-les-romegueres-coll-de-bestraca-la-pera","status":"publish","type":"post","link":"https:\/\/fotosenderismo.com\/wordpress\/index.php\/2019\/01\/31\/oix-pont-trencat-cami-y-sender-de-les-romegueres-coll-de-bestraca-la-pera\/","title":{"rendered":"Oix, Pont Trencat, camino y sendero de les Romegueres, Coll de Bestrac\u00e0, la Pera"},"content":{"rendered":"\n<p><\/p>\n\n\n\n<figure class=\"wp-block-image aligncenter\"><a href=\"https:\/\/photos.app.goo.gl\/ZEYXKz1uoCcWRuox7\" target=\"_blank\" rel=\"noreferrer noopener\"><img loading=\"lazy\" decoding=\"async\" width=\"400\" height=\"53\" src=\"http:\/\/fotosenderismo.com\/wordpress\/wp-content\/uploads\/2010\/06\/visualizar-galeria-fotos.jpg\" alt=\"\" class=\"wp-image-12745\" srcset=\"https:\/\/fotosenderismo.com\/wordpress\/wp-content\/uploads\/2010\/06\/visualizar-galeria-fotos.jpg 400w, https:\/\/fotosenderismo.com\/wordpress\/wp-content\/uploads\/2010\/06\/visualizar-galeria-fotos-300x40.jpg 300w\" sizes=\"auto, (max-width: 400px) 100vw, 400px\" \/><\/a><\/figure>\n\n\n\n<p><\/p>\n\n\n\n<figure class=\"wp-block-image\"><a href=\"http:\/\/fotosenderismo.com\/wordpress\/wp-content\/uploads\/2019\/01\/OIX-ROMEGURES-COLL-BESTRACA-DATOS-3.jpg\" target=\"_blank\" rel=\"noreferrer noopener\"><img loading=\"lazy\" decoding=\"async\" width=\"1024\" height=\"804\" src=\"http:\/\/fotosenderismo.com\/wordpress\/wp-content\/uploads\/2019\/01\/OIX-ROMEGURES-COLL-BESTRACA-DATOS-3-1024x804.jpg\" alt=\"\" class=\"wp-image-13438\" srcset=\"https:\/\/fotosenderismo.com\/wordpress\/wp-content\/uploads\/2019\/01\/OIX-ROMEGURES-COLL-BESTRACA-DATOS-3-1024x804.jpg 1024w, https:\/\/fotosenderismo.com\/wordpress\/wp-content\/uploads\/2019\/01\/OIX-ROMEGURES-COLL-BESTRACA-DATOS-3-300x235.jpg 300w, https:\/\/fotosenderismo.com\/wordpress\/wp-content\/uploads\/2019\/01\/OIX-ROMEGURES-COLL-BESTRACA-DATOS-3-768x603.jpg 768w, https:\/\/fotosenderismo.com\/wordpress\/wp-content\/uploads\/2019\/01\/OIX-ROMEGURES-COLL-BESTRACA-DATOS-3-800x628.jpg 800w, https:\/\/fotosenderismo.com\/wordpress\/wp-content\/uploads\/2019\/01\/OIX-ROMEGURES-COLL-BESTRACA-DATOS-3.jpg 1274w\" sizes=\"auto, (max-width: 1024px) 100vw, 1024px\" \/><\/a><\/figure>\n\n\n\n<p><\/p>\n\n\n\n<figure class=\"wp-block-image aligncenter size-full\"><a href=\"https:\/\/fotosenderismo.com\/wordpress\/wp-content\/uploads\/2019-01-31-OIX-PONT-TRENCAT-COLL-BESTRACA-LA-PERA.gpx\"><img loading=\"lazy\" decoding=\"async\" width=\"400\" height=\"50\" src=\"https:\/\/fotosenderismo.com\/wordpress\/wp-content\/uploads\/2024\/02\/image-2.png\" alt=\"\" class=\"wp-image-23096\" srcset=\"https:\/\/fotosenderismo.com\/wordpress\/wp-content\/uploads\/2024\/02\/image-2.png 400w, https:\/\/fotosenderismo.com\/wordpress\/wp-content\/uploads\/2024\/02\/image-2-300x38.png 300w\" sizes=\"auto, (max-width: 400px) 100vw, 400px\" \/><\/a><\/figure>\n\n\n\n<p><\/p>\n\n\n\n<figure class=\"wp-block-image aligncenter\"><a href=\"https:\/\/ca.wikiloc.com\/rutes-senderisme\/oix-pont-trencat-cami-y-sender-de-les-romegueres-coll-de-bestraca-la-pera-32688819\" target=\"_blank\" rel=\"noreferrer noopener\"><img loading=\"lazy\" decoding=\"async\" width=\"400\" height=\"52\" src=\"http:\/\/fotosenderismo.com\/wordpress\/wp-content\/uploads\/2010\/05\/track-wikiloc.jpg\" alt=\"\" class=\"wp-image-12734\" srcset=\"https:\/\/fotosenderismo.com\/wordpress\/wp-content\/uploads\/2010\/05\/track-wikiloc.jpg 400w, https:\/\/fotosenderismo.com\/wordpress\/wp-content\/uploads\/2010\/05\/track-wikiloc-300x39.jpg 300w\" sizes=\"auto, (max-width: 400px) 100vw, 400px\" \/><\/a><\/figure>\n\n\n\n<p><\/p>\n\n\n\n<p class=\"has-drop-cap has-very-light-gray-background-color has-background\" style=\"font-size:18px\"> Salida del 31 de enero de 2019 al Coll de Bestrac\u00e0. La salida empieza en el aparcamiento de tierra de Oix, y toma el sendero marcado en amarillo que conduce al puente medieval. Pasa de largo el puente y tambi\u00e9n, m\u00e1s adelante, el sendero de ascenso hasta Santa B\u00e0rbara de Pruneres, ya que se dirige directamente al Pont Trencat. Desde el Pont Trencat toma direcci\u00f3n a la Vall del Hormoier, pero antes de cruzar el congosto que separa el macizo del Ferran del Bestrac\u00e0, remonta la pista de les  Romegueres. Cuando se acerca al Torrent de les Romegueres, a unos 570 metros de altitud, abandona el camino ancho para seguir un sendero estrecho que, aunque est\u00e1 marcado con hitos de piedra, no tiene se\u00f1ales amarillas ni de ning\u00fan otro color y no es muy f\u00e1cil de rastrear, de manera que quiz\u00e1 necesitemos la ayuda del GPS m\u00e1s que en otros sitios.  Subi\u00e9ndolo, alcanzaremos el Coll de Bestrac\u00e0. Desde all\u00ed tomamos otro sendero amarillo que nos va a conducir al Coll de la Rabasa y al Camp de la Guila, donde enlazaremos con la carretera. Sigui\u00e9ndola unos 500 metros en direcci\u00f3n Oix, encontraremos la pista del vecindario de la Pera. Nos introducimos en ella, y antes bajar al Castell y a Sant Miquel de la Pera, tomamos la vieja pista forestal que nos llevar\u00e1 a Costej\u00e0 y a Oix. <br><br>Hemos tenido que editar el track para corregir errores en el trayecto, ya que en una zona nos hemos equivocado de camino. Se ha filtrado con Google Earth para eliminar incongruencias temporales y despu\u00e9s se ha guardado en GPX. <\/p>\n\n\n\n<p><\/p>\n\n\n\n<figure class=\"wp-block-image\"><a href=\"http:\/\/fotosenderismo.com\/wordpress\/wp-content\/uploads\/2019\/01\/OIX-ROMEGURES-COLL-BESTRACA-MAPA.jpg\" target=\"_blank\" rel=\"noreferrer noopener\"><img loading=\"lazy\" decoding=\"async\" width=\"1024\" height=\"576\" src=\"http:\/\/fotosenderismo.com\/wordpress\/wp-content\/uploads\/2019\/01\/OIX-ROMEGURES-COLL-BESTRACA-MAPA-1024x576.jpg\" alt=\"\" class=\"wp-image-13428\" srcset=\"https:\/\/fotosenderismo.com\/wordpress\/wp-content\/uploads\/2019\/01\/OIX-ROMEGURES-COLL-BESTRACA-MAPA-1024x576.jpg 1024w, https:\/\/fotosenderismo.com\/wordpress\/wp-content\/uploads\/2019\/01\/OIX-ROMEGURES-COLL-BESTRACA-MAPA-300x169.jpg 300w, https:\/\/fotosenderismo.com\/wordpress\/wp-content\/uploads\/2019\/01\/OIX-ROMEGURES-COLL-BESTRACA-MAPA-768x432.jpg 768w, https:\/\/fotosenderismo.com\/wordpress\/wp-content\/uploads\/2019\/01\/OIX-ROMEGURES-COLL-BESTRACA-MAPA-800x450.jpg 800w, https:\/\/fotosenderismo.com\/wordpress\/wp-content\/uploads\/2019\/01\/OIX-ROMEGURES-COLL-BESTRACA-MAPA.jpg 1920w\" sizes=\"auto, (max-width: 1024px) 100vw, 1024px\" \/><\/a><\/figure>\n\n\n\n<p><\/p>\n\n\n\n<figure class=\"wp-block-image\"><a href=\"http:\/\/fotosenderismo.com\/wordpress\/wp-content\/uploads\/2019\/01\/OIX-ROMEGURES-COLL-BESTRACA-EARTH-1.jpg\" target=\"_blank\" rel=\"noreferrer noopener\"><img loading=\"lazy\" decoding=\"async\" width=\"1024\" height=\"518\" src=\"http:\/\/fotosenderismo.com\/wordpress\/wp-content\/uploads\/2019\/01\/OIX-ROMEGURES-COLL-BESTRACA-EARTH-1-1024x518.jpg\" alt=\"\" class=\"wp-image-13429\" srcset=\"https:\/\/fotosenderismo.com\/wordpress\/wp-content\/uploads\/2019\/01\/OIX-ROMEGURES-COLL-BESTRACA-EARTH-1-1024x518.jpg 1024w, https:\/\/fotosenderismo.com\/wordpress\/wp-content\/uploads\/2019\/01\/OIX-ROMEGURES-COLL-BESTRACA-EARTH-1-300x152.jpg 300w, https:\/\/fotosenderismo.com\/wordpress\/wp-content\/uploads\/2019\/01\/OIX-ROMEGURES-COLL-BESTRACA-EARTH-1-768x388.jpg 768w, https:\/\/fotosenderismo.com\/wordpress\/wp-content\/uploads\/2019\/01\/OIX-ROMEGURES-COLL-BESTRACA-EARTH-1-800x405.jpg 800w, https:\/\/fotosenderismo.com\/wordpress\/wp-content\/uploads\/2019\/01\/OIX-ROMEGURES-COLL-BESTRACA-EARTH-1.jpg 1920w\" sizes=\"auto, (max-width: 1024px) 100vw, 1024px\" \/><\/a><\/figure>\n\n\n\n<p><\/p>\n\n\n\n<figure class=\"wp-block-image\"><a href=\"http:\/\/fotosenderismo.com\/wordpress\/wp-content\/uploads\/2019\/01\/OIX-ROMEGURES-COLL-BESTRACA-EARTH-2.jpg\" target=\"_blank\" rel=\"noreferrer noopener\"><img loading=\"lazy\" decoding=\"async\" width=\"1024\" height=\"518\" src=\"http:\/\/fotosenderismo.com\/wordpress\/wp-content\/uploads\/2019\/01\/OIX-ROMEGURES-COLL-BESTRACA-EARTH-2-1024x518.jpg\" alt=\"\" class=\"wp-image-13431\" srcset=\"https:\/\/fotosenderismo.com\/wordpress\/wp-content\/uploads\/2019\/01\/OIX-ROMEGURES-COLL-BESTRACA-EARTH-2-1024x518.jpg 1024w, https:\/\/fotosenderismo.com\/wordpress\/wp-content\/uploads\/2019\/01\/OIX-ROMEGURES-COLL-BESTRACA-EARTH-2-300x152.jpg 300w, https:\/\/fotosenderismo.com\/wordpress\/wp-content\/uploads\/2019\/01\/OIX-ROMEGURES-COLL-BESTRACA-EARTH-2-768x388.jpg 768w, https:\/\/fotosenderismo.com\/wordpress\/wp-content\/uploads\/2019\/01\/OIX-ROMEGURES-COLL-BESTRACA-EARTH-2-800x405.jpg 800w, https:\/\/fotosenderismo.com\/wordpress\/wp-content\/uploads\/2019\/01\/OIX-ROMEGURES-COLL-BESTRACA-EARTH-2.jpg 1920w\" sizes=\"auto, (max-width: 1024px) 100vw, 1024px\" \/><\/a><\/figure>\n\n\n\n<p><\/p>\n\n\n\n<figure class=\"wp-block-image\"><a href=\"http:\/\/fotosenderismo.com\/wordpress\/wp-content\/uploads\/2019\/01\/OIX-ROMEGURES-COLL-BESTRACA-PERFIL.jpg\" target=\"_blank\" rel=\"noreferrer noopener\"><img loading=\"lazy\" decoding=\"async\" width=\"1024\" height=\"311\" src=\"http:\/\/fotosenderismo.com\/wordpress\/wp-content\/uploads\/2019\/01\/OIX-ROMEGURES-COLL-BESTRACA-PERFIL-1024x311.jpg\" alt=\"\" class=\"wp-image-13432\" srcset=\"https:\/\/fotosenderismo.com\/wordpress\/wp-content\/uploads\/2019\/01\/OIX-ROMEGURES-COLL-BESTRACA-PERFIL-1024x311.jpg 1024w, https:\/\/fotosenderismo.com\/wordpress\/wp-content\/uploads\/2019\/01\/OIX-ROMEGURES-COLL-BESTRACA-PERFIL-300x91.jpg 300w, https:\/\/fotosenderismo.com\/wordpress\/wp-content\/uploads\/2019\/01\/OIX-ROMEGURES-COLL-BESTRACA-PERFIL-768x234.jpg 768w, https:\/\/fotosenderismo.com\/wordpress\/wp-content\/uploads\/2019\/01\/OIX-ROMEGURES-COLL-BESTRACA-PERFIL-800x243.jpg 800w, https:\/\/fotosenderismo.com\/wordpress\/wp-content\/uploads\/2019\/01\/OIX-ROMEGURES-COLL-BESTRACA-PERFIL.jpg 1845w\" sizes=\"auto, (max-width: 1024px) 100vw, 1024px\" \/><\/a><\/figure>\n\n\n\n<p><\/p>\n\n\n\n<figure class=\"wp-block-image aligncenter\"><img loading=\"lazy\" decoding=\"async\" width=\"261\" height=\"37\" src=\"http:\/\/fotosenderismo.com\/wordpress\/wp-content\/uploads\/2018\/12\/RELACIONADAS-1.jpg\" alt=\"\" class=\"wp-image-12808\"\/><\/figure>\n\n\n\n<p><\/p>\n\n\n\n<figure class=\"wp-block-embed aligncenter is-type-wp-embed is-provider-fotosenderismo-com wp-block-embed-fotosenderismo-com\"><div class=\"wp-block-embed__wrapper\">\n<blockquote class=\"wp-embedded-content\" data-secret=\"SU8sZIjaIQ\"><a href=\"https:\/\/fotosenderismo.com\/wordpress\/index.php\/2019\/01\/25\/can-bundancia-coll-de-camporiol-pont-doix-santa-barbara-de-pruneres-coll-de-pruan\/\">Can Bund\u00e0ncia, Coll de Camporiol, Pont d&#8217;Oix, Santa B\u00e0rbara de Pruneres, Coll de Pruan<\/a><\/blockquote><iframe loading=\"lazy\" class=\"wp-embedded-content\" sandbox=\"allow-scripts\" security=\"restricted\" style=\"position: absolute; clip: rect(1px, 1px, 1px, 1px);\" title=\"\u00abCan Bund\u00e0ncia, Coll de Camporiol, Pont d&#8217;Oix, Santa B\u00e0rbara de Pruneres, Coll de Pruan\u00bb \u2014 FOTOSENDERISMO.COM\" src=\"https:\/\/fotosenderismo.com\/wordpress\/index.php\/2019\/01\/25\/can-bundancia-coll-de-camporiol-pont-doix-santa-barbara-de-pruneres-coll-de-pruan\/embed\/#?secret=jYVA7XCmLb#?secret=SU8sZIjaIQ\" data-secret=\"SU8sZIjaIQ\" width=\"600\" height=\"338\" frameborder=\"0\" marginwidth=\"0\" marginheight=\"0\" scrolling=\"no\"><\/iframe>\n<\/div><\/figure>\n\n\n\n<figure class=\"wp-block-embed aligncenter is-type-wp-embed is-provider-fotosenderismo-com wp-block-embed-fotosenderismo-com\"><div class=\"wp-block-embed__wrapper\">\n<blockquote class=\"wp-embedded-content\" data-secret=\"P5ihw5jCSD\"><a href=\"https:\/\/fotosenderismo.com\/wordpress\/index.php\/2019\/01\/08\/oix-pont-trencat-santa-barbara-de-pruneres-pont-romanic-doix\/\">Oix, Pont Trencat, Santa B\u00e0rbara de Pruneres, Pont Rom\u00e0nic d&#8217;Oix<\/a><\/blockquote><iframe loading=\"lazy\" class=\"wp-embedded-content\" sandbox=\"allow-scripts\" security=\"restricted\" style=\"position: absolute; clip: rect(1px, 1px, 1px, 1px);\" title=\"\u00abOix, Pont Trencat, Santa B\u00e0rbara de Pruneres, Pont Rom\u00e0nic d&#8217;Oix\u00bb \u2014 FOTOSENDERISMO.COM\" src=\"https:\/\/fotosenderismo.com\/wordpress\/index.php\/2019\/01\/08\/oix-pont-trencat-santa-barbara-de-pruneres-pont-romanic-doix\/embed\/#?secret=BIaVfDDJat#?secret=P5ihw5jCSD\" data-secret=\"P5ihw5jCSD\" width=\"600\" height=\"338\" frameborder=\"0\" marginwidth=\"0\" marginheight=\"0\" scrolling=\"no\"><\/iframe>\n<\/div><\/figure>\n\n\n\n<figure class=\"wp-block-embed aligncenter is-type-wp-embed is-provider-fotosenderismo-com wp-block-embed-fotosenderismo-com\"><div class=\"wp-block-embed__wrapper\">\n<blockquote class=\"wp-embedded-content\" data-secret=\"VAVTrN1Lnx\"><a href=\"https:\/\/fotosenderismo.com\/wordpress\/index.php\/2018\/12\/27\/oix-castell-doix-caminos-de-les-romegueres-sant-andreu-de-bestraca-sant-miquel-de-pera\/\">Oix, Castell d\u2019Oix, caminos de les Romegueres, Sant Andreu de Bestrac\u00e0, Sant Miquel de Pera<\/a><\/blockquote><iframe loading=\"lazy\" class=\"wp-embedded-content\" sandbox=\"allow-scripts\" security=\"restricted\" style=\"position: absolute; clip: rect(1px, 1px, 1px, 1px);\" title=\"\u00abOix, Castell d\u2019Oix, caminos de les Romegueres, Sant Andreu de Bestrac\u00e0, Sant Miquel de Pera\u00bb \u2014 FOTOSENDERISMO.COM\" src=\"https:\/\/fotosenderismo.com\/wordpress\/index.php\/2018\/12\/27\/oix-castell-doix-caminos-de-les-romegueres-sant-andreu-de-bestraca-sant-miquel-de-pera\/embed\/#?secret=8rp44I7HYs#?secret=VAVTrN1Lnx\" data-secret=\"VAVTrN1Lnx\" width=\"600\" height=\"338\" frameborder=\"0\" marginwidth=\"0\" marginheight=\"0\" scrolling=\"no\"><\/iframe>\n<\/div><\/figure>\n","protected":false},"excerpt":{"rendered":"<p>Salida del 31 de enero de 2019 al Coll de Bestrac\u00e0. La salida empieza en el aparcamiento de tierra de Oix, y toma el sendero marcado en amarillo que conduce al puente medieval. Pasa de largo el puente y tambi\u00e9n, m\u00e1s adelante, el sendero de ascenso hasta Santa B\u00e0rbara de Pruneres, ya que se dirige directamente al Pont Trencat. Desde el Pont Trencat toma direcci\u00f3n a la Vall del Hormoier, pero antes de cruzar el congosto que separa el macizo del Ferran del Bestrac\u00e0, remonta la pista de les Romegueres. Cuando se acerca al Torrent de les Romegueres, a unos 570 metros de altitud, abandona el camino ancho para seguir un sendero estrecho que, aunque est\u00e1 marcado con hitos de piedra, no tiene se\u00f1ales amarillas ni de ning\u00fan otro color y no es muy f\u00e1cil de rastrear, de manera que quiz\u00e1 necesitemos la ayuda del GPS m\u00e1s que en otros sitios. Subi\u00e9ndolo, alcanzaremos el Coll de Bestrac\u00e0. <\/p>\n","protected":false},"author":1,"featured_media":13433,"comment_status":"open","ping_status":"closed","sticky":false,"template":"","format":"standard","meta":{"footnotes":""},"categories":[45,46,49,281,34,42,47,60],"tags":[187,189,98,177,223],"class_list":["post-13425","post","type-post","status-publish","format-standard","has-post-thumbnail","hentry","category-garrotxa","category-girona","category-alta-garrotxa","category-202-entre-15-y-20-km","category-entre-500-y-1000-metros","category-senderismo","category-circular-tipo-de-recorrido","category-baja-montana-o-tierras-a-media-altitud","tag-fotos-by-eduard","tag-fotos-by-manuel","tag-98","tag-eduard","tag-track-en-wikiloc"],"_links":{"self":[{"href":"https:\/\/fotosenderismo.com\/wordpress\/index.php\/wp-json\/wp\/v2\/posts\/13425","targetHints":{"allow":["GET"]}}],"collection":[{"href":"https:\/\/fotosenderismo.com\/wordpress\/index.php\/wp-json\/wp\/v2\/posts"}],"about":[{"href":"https:\/\/fotosenderismo.com\/wordpress\/index.php\/wp-json\/wp\/v2\/types\/post"}],"author":[{"embeddable":true,"href":"https:\/\/fotosenderismo.com\/wordpress\/index.php\/wp-json\/wp\/v2\/users\/1"}],"replies":[{"embeddable":true,"href":"https:\/\/fotosenderismo.com\/wordpress\/index.php\/wp-json\/wp\/v2\/comments?post=13425"}],"version-history":[{"count":10,"href":"https:\/\/fotosenderismo.com\/wordpress\/index.php\/wp-json\/wp\/v2\/posts\/13425\/revisions"}],"predecessor-version":[{"id":23210,"href":"https:\/\/fotosenderismo.com\/wordpress\/index.php\/wp-json\/wp\/v2\/posts\/13425\/revisions\/23210"}],"wp:featuredmedia":[{"embeddable":true,"href":"https:\/\/fotosenderismo.com\/wordpress\/index.php\/wp-json\/wp\/v2\/media\/13433"}],"wp:attachment":[{"href":"https:\/\/fotosenderismo.com\/wordpress\/index.php\/wp-json\/wp\/v2\/media?parent=13425"}],"wp:term":[{"taxonomy":"category","embeddable":true,"href":"https:\/\/fotosenderismo.com\/wordpress\/index.php\/wp-json\/wp\/v2\/categories?post=13425"},{"taxonomy":"post_tag","embeddable":true,"href":"https:\/\/fotosenderismo.com\/wordpress\/index.php\/wp-json\/wp\/v2\/tags?post=13425"}],"curies":[{"name":"wp","href":"https:\/\/api.w.org\/{rel}","templated":true}]}}