{"id":13025,"date":"2018-12-29T20:32:34","date_gmt":"2018-12-29T20:32:34","guid":{"rendered":"http:\/\/fotosenderismo.com\/wordpress\/?p=13025"},"modified":"2024-02-20T16:44:53","modified_gmt":"2024-02-20T16:44:53","slug":"puigpardines-joanetes-olletes-sant-privat-den-bas","status":"publish","type":"post","link":"https:\/\/fotosenderismo.com\/wordpress\/index.php\/2018\/12\/29\/puigpardines-joanetes-olletes-sant-privat-den-bas\/","title":{"rendered":"Puigpardines, Joanetes, Olletes, Sant Privat d&#8217;en Bas"},"content":{"rendered":"\n<p><\/p>\n\n\n\n<figure class=\"wp-block-image aligncenter\"><a href=\"https:\/\/photos.google.com\/share\/AF1QipML4fxcqB2P5HBJLXQC-3zEQx9tlbsN444zNFNTRFw8hLLe6W97ScN26tQ9Ia1FSw?key=eklJOGk4bE1HeTNKN2FkdkY4OFJ0b3Npd2YzZl9n\" target=\"_blank\" rel=\"noreferrer noopener\"><img loading=\"lazy\" decoding=\"async\" width=\"400\" height=\"53\" src=\"http:\/\/fotosenderismo.com\/wordpress\/wp-content\/uploads\/2010\/06\/visualizar-galeria-fotos.jpg\" alt=\"\" class=\"wp-image-12745\" srcset=\"https:\/\/fotosenderismo.com\/wordpress\/wp-content\/uploads\/2010\/06\/visualizar-galeria-fotos.jpg 400w, https:\/\/fotosenderismo.com\/wordpress\/wp-content\/uploads\/2010\/06\/visualizar-galeria-fotos-300x40.jpg 300w\" sizes=\"auto, (max-width: 400px) 100vw, 400px\" \/><\/a><\/figure>\n\n\n\n<p><\/p>\n\n\n\n<figure class=\"wp-block-image\"><a href=\"http:\/\/fotosenderismo.com\/wordpress\/wp-content\/uploads\/2018\/12\/PUIGPARDINES-JOANETES-OLLETES-DATOS-2.jpg\" target=\"_blank\" rel=\"noreferrer noopener\"><img loading=\"lazy\" decoding=\"async\" width=\"1024\" height=\"779\" src=\"http:\/\/fotosenderismo.com\/wordpress\/wp-content\/uploads\/2018\/12\/PUIGPARDINES-JOANETES-OLLETES-DATOS-2-1024x779.jpg\" alt=\"\" class=\"wp-image-13035\" srcset=\"https:\/\/fotosenderismo.com\/wordpress\/wp-content\/uploads\/2018\/12\/PUIGPARDINES-JOANETES-OLLETES-DATOS-2-1024x779.jpg 1024w, https:\/\/fotosenderismo.com\/wordpress\/wp-content\/uploads\/2018\/12\/PUIGPARDINES-JOANETES-OLLETES-DATOS-2-300x228.jpg 300w, https:\/\/fotosenderismo.com\/wordpress\/wp-content\/uploads\/2018\/12\/PUIGPARDINES-JOANETES-OLLETES-DATOS-2-768x584.jpg 768w, https:\/\/fotosenderismo.com\/wordpress\/wp-content\/uploads\/2018\/12\/PUIGPARDINES-JOANETES-OLLETES-DATOS-2-800x609.jpg 800w, https:\/\/fotosenderismo.com\/wordpress\/wp-content\/uploads\/2018\/12\/PUIGPARDINES-JOANETES-OLLETES-DATOS-2.jpg 1384w\" sizes=\"auto, (max-width: 1024px) 100vw, 1024px\" \/><\/a><\/figure>\n\n\n\n<p><\/p>\n\n\n\n<figure class=\"wp-block-image aligncenter size-full\"><a href=\"https:\/\/fotosenderismo.com\/wordpress\/wp-content\/uploads\/2018-12-29-PUIGPARDINES-JOANETES-OLLETES-RECTIFICADO.gpx\"><img loading=\"lazy\" decoding=\"async\" width=\"400\" height=\"50\" src=\"https:\/\/fotosenderismo.com\/wordpress\/wp-content\/uploads\/2024\/02\/image-2.png\" alt=\"\" class=\"wp-image-23096\" srcset=\"https:\/\/fotosenderismo.com\/wordpress\/wp-content\/uploads\/2024\/02\/image-2.png 400w, https:\/\/fotosenderismo.com\/wordpress\/wp-content\/uploads\/2024\/02\/image-2-300x38.png 300w\" sizes=\"auto, (max-width: 400px) 100vw, 400px\" \/><\/a><\/figure>\n\n\n\n<p><\/p>\n\n\n\n<p><\/p>\n\n\n\n<p style=\"text-align: justify;\"><span style=\"font-size: 14pt;\"><strong>Salida del 29 de diciembre de de 2018 que culmina y enlaza los recorridos de otras excursiones anteriores. Empieza en Puigpardines cruzando el Bosc de la Vedella, por un corto pero bello sendero que sigue hasta la mas\u00eda de Canyota. Desde ah\u00ed toma la pista asfaltada hasta el Rourell, donde seguiremos por el camino de la Mas\u00f3 y Can Prim.<\/strong><\/span><\/p>\n<p style=\"text-align: justify;\"><span style=\"font-size: 14pt;\"><strong>Justo antes de entrar en el recinto de Can Prim, abandonaremos la pista para subir monta\u00f1a arriba hasta dar con una cerca de alambre cuadriculada. La bordearemos en direcci\u00f3n sur hasta topar con una portezuela del mismo material. Habremos dado con el camino que nos ha de llevar a Joanetes. Aunque no es muy dif\u00edcil de rastrear, no est\u00e1 marcado y en alg\u00fan punto nos har\u00e1 dudar.<\/strong><\/span><\/p>\n<p style=\"text-align: justify;\"><span style=\"font-size: 14pt;\"><strong>Una vez en Joanetes tenemos que subir por la carretera hasta dar con el poste que indica el sendero de les Olletes. A partir de aqu\u00ed toda la ruta est\u00e1 marcada en amarillo hasta Sant Privat d\u2019en Bas, y no es muy dif\u00edcil de seguir. Solo un punto del hayedo cerca de la Baga de les Olletes nos har\u00e1 de nuevo dudar a causa de unos \u00e1rboles ca\u00eddos que tapan la visualizaci\u00f3n del sendero.<\/strong><\/span><\/p>\n<p style=\"text-align: justify;\"><span style=\"font-size: 14pt;\"><strong>Pasado este tramo, encontraremos otro poste indicativo que nos se\u00f1ala la direcci\u00f3n Sant Privat y la Santa Magdalena. Ahora tomamos direcci\u00f3n Santa Magdalena para llegar a les Olletes. Despu\u00e9s, de regreso, volveremos al mismo poste indicador y ser\u00e1 para tomarlo en direcci\u00f3n Sant Privat. El track, a media bajada, abandona el sendero amarillo para tomar otras v\u00edas. Las hemos seguido porque nos parec\u00edan m\u00e1s c\u00f3modas, aunque este recorrido fuera un poco m\u00e1s largo. Sin embargo, siguiendo por el camino cl\u00e1sico amarillo, en lugar de por donde hemos pasado nosotros, llegaremos al mismo sitio.<\/strong><\/span><\/p>\n<p style=\"text-align: justify;\"><span style=\"font-size: 14pt;\"><strong>Alcanzado Sant Privat, seguimos la carreteruela asfaltada de Pocafarina que nos ha de llevar a Puigpardines. Llegando, la abandonaremos para seguir por el camino que nos llevar a Sant Antoni de Puigpardines y, posteriormente, al Bosc de la Vedella y al aparcamiento de Puigpardines, que ha sido el punto de inicio. C\u00f3mo \u00e9s l\u00f3gico, a causa de la circularidad de la excursi\u00f3n, se puede empezar tanto en Puigpardines, como en Joanetes, como en Sant Privat.<\/strong><\/span><\/p>\n<p style=\"text-align: justify;\"><span style=\"font-size: 14pt;\"><strong>He colgado una <a href=\"https:\/\/fotosenderismo.com\/wordpress\/index.php\/2020\/12\/17\/puigpardines-joanetes-olletes-sant-privat-den-bas-2\/\">versi\u00f3n del 17\/12\/2020<\/a> de la salida que evita la carretera asfaltada de Pocafarina. Est\u00e1 en comentarios en Wikiloc y en entradas relaciondas en Fotosenderismo. Tambi\u00e9n hay una nueva versi\u00f3n muy mejorada del 23\/12\/2020.<br \/><\/strong><\/span><\/p>\n\n\n\n<p><\/p>\n\n\n\n<figure class=\"wp-block-image\"><a href=\"http:\/\/fotosenderismo.com\/wordpress\/wp-content\/uploads\/2018\/12\/PUIGPARDINES-JOANETES-OLLETES-MAPA.jpg\" target=\"_blank\" rel=\"noreferrer noopener\"><img loading=\"lazy\" decoding=\"async\" width=\"1024\" height=\"957\" src=\"http:\/\/fotosenderismo.com\/wordpress\/wp-content\/uploads\/2018\/12\/PUIGPARDINES-JOANETES-OLLETES-MAPA-1024x957.jpg\" alt=\"\" class=\"wp-image-13027\" srcset=\"https:\/\/fotosenderismo.com\/wordpress\/wp-content\/uploads\/2018\/12\/PUIGPARDINES-JOANETES-OLLETES-MAPA-1024x957.jpg 1024w, https:\/\/fotosenderismo.com\/wordpress\/wp-content\/uploads\/2018\/12\/PUIGPARDINES-JOANETES-OLLETES-MAPA-300x280.jpg 300w, https:\/\/fotosenderismo.com\/wordpress\/wp-content\/uploads\/2018\/12\/PUIGPARDINES-JOANETES-OLLETES-MAPA-768x718.jpg 768w, https:\/\/fotosenderismo.com\/wordpress\/wp-content\/uploads\/2018\/12\/PUIGPARDINES-JOANETES-OLLETES-MAPA-800x748.jpg 800w, https:\/\/fotosenderismo.com\/wordpress\/wp-content\/uploads\/2018\/12\/PUIGPARDINES-JOANETES-OLLETES-MAPA.jpg 1905w\" sizes=\"auto, (max-width: 1024px) 100vw, 1024px\" \/><\/a><\/figure>\n\n\n\n<p><\/p>\n\n\n\n<iframe loading=\"lazy\" scrolling=\"no\" src=\"https:\/\/ca.wikiloc.com\/wikiloc\/spatialArtifacts.do?event=view&amp;id=31734631&amp;measures=on&amp;title=on&amp;near=on&amp;images=on&amp;maptype=H\" width=\"1000\" height=\"1000\" frameborder=\"0\"><\/iframe><div style=\"color:#777;font-size:11px;line-height:16px;\">Powered by <a style=\"color:#06d;font-size:11px;line-height:16px;\" target=\"_blank\" href=\"https:\/\/ca.wikiloc.com\" rel=\"noopener\">Wikiloc<\/a><\/div>\n\n\n\n<p><\/p>\n\n\n\n<figure class=\"wp-block-image\"><a href=\"http:\/\/fotosenderismo.com\/wordpress\/wp-content\/uploads\/2018\/12\/PUIGPARDINES-JOANETES-OLLETES-EARTH-2.jpg\" target=\"_blank\" rel=\"noreferrer noopener\"><img loading=\"lazy\" decoding=\"async\" width=\"1024\" height=\"518\" src=\"http:\/\/fotosenderismo.com\/wordpress\/wp-content\/uploads\/2018\/12\/PUIGPARDINES-JOANETES-OLLETES-EARTH-2-1024x518.jpg\" alt=\"\" class=\"wp-image-13028\" srcset=\"https:\/\/fotosenderismo.com\/wordpress\/wp-content\/uploads\/2018\/12\/PUIGPARDINES-JOANETES-OLLETES-EARTH-2-1024x518.jpg 1024w, https:\/\/fotosenderismo.com\/wordpress\/wp-content\/uploads\/2018\/12\/PUIGPARDINES-JOANETES-OLLETES-EARTH-2-300x152.jpg 300w, https:\/\/fotosenderismo.com\/wordpress\/wp-content\/uploads\/2018\/12\/PUIGPARDINES-JOANETES-OLLETES-EARTH-2-768x388.jpg 768w, https:\/\/fotosenderismo.com\/wordpress\/wp-content\/uploads\/2018\/12\/PUIGPARDINES-JOANETES-OLLETES-EARTH-2-800x405.jpg 800w, https:\/\/fotosenderismo.com\/wordpress\/wp-content\/uploads\/2018\/12\/PUIGPARDINES-JOANETES-OLLETES-EARTH-2.jpg 1920w\" sizes=\"auto, (max-width: 1024px) 100vw, 1024px\" \/><\/a><\/figure>\n\n\n\n<p><\/p>\n\n\n\n<figure class=\"wp-block-image\"><a href=\"http:\/\/fotosenderismo.com\/wordpress\/wp-content\/uploads\/2018\/12\/PUIGPARDINES-JOANETES-OLLETES-EARTH-1jpg.jpg\" target=\"_blank\" rel=\"noreferrer noopener\"><img loading=\"lazy\" decoding=\"async\" width=\"1024\" height=\"518\" src=\"http:\/\/fotosenderismo.com\/wordpress\/wp-content\/uploads\/2018\/12\/PUIGPARDINES-JOANETES-OLLETES-EARTH-1jpg-1024x518.jpg\" alt=\"\" class=\"wp-image-13029\" srcset=\"https:\/\/fotosenderismo.com\/wordpress\/wp-content\/uploads\/2018\/12\/PUIGPARDINES-JOANETES-OLLETES-EARTH-1jpg-1024x518.jpg 1024w, https:\/\/fotosenderismo.com\/wordpress\/wp-content\/uploads\/2018\/12\/PUIGPARDINES-JOANETES-OLLETES-EARTH-1jpg-300x152.jpg 300w, https:\/\/fotosenderismo.com\/wordpress\/wp-content\/uploads\/2018\/12\/PUIGPARDINES-JOANETES-OLLETES-EARTH-1jpg-768x388.jpg 768w, https:\/\/fotosenderismo.com\/wordpress\/wp-content\/uploads\/2018\/12\/PUIGPARDINES-JOANETES-OLLETES-EARTH-1jpg-800x405.jpg 800w, https:\/\/fotosenderismo.com\/wordpress\/wp-content\/uploads\/2018\/12\/PUIGPARDINES-JOANETES-OLLETES-EARTH-1jpg.jpg 1920w\" sizes=\"auto, (max-width: 1024px) 100vw, 1024px\" \/><\/a><\/figure>\n\n\n\n<p><\/p>\n\n\n\n<figure class=\"wp-block-image\"><a href=\"http:\/\/fotosenderismo.com\/wordpress\/wp-content\/uploads\/2018\/12\/PUIGPARDINES-JOANETES-OLLETES-PERFIL.jpg\" target=\"_blank\" rel=\"noreferrer noopener\"><img loading=\"lazy\" decoding=\"async\" width=\"1024\" height=\"265\" src=\"http:\/\/fotosenderismo.com\/wordpress\/wp-content\/uploads\/2018\/12\/PUIGPARDINES-JOANETES-OLLETES-PERFIL-1024x265.jpg\" alt=\"\" class=\"wp-image-13030\" srcset=\"https:\/\/fotosenderismo.com\/wordpress\/wp-content\/uploads\/2018\/12\/PUIGPARDINES-JOANETES-OLLETES-PERFIL-1024x265.jpg 1024w, https:\/\/fotosenderismo.com\/wordpress\/wp-content\/uploads\/2018\/12\/PUIGPARDINES-JOANETES-OLLETES-PERFIL-300x78.jpg 300w, https:\/\/fotosenderismo.com\/wordpress\/wp-content\/uploads\/2018\/12\/PUIGPARDINES-JOANETES-OLLETES-PERFIL-768x199.jpg 768w, https:\/\/fotosenderismo.com\/wordpress\/wp-content\/uploads\/2018\/12\/PUIGPARDINES-JOANETES-OLLETES-PERFIL-800x207.jpg 800w, https:\/\/fotosenderismo.com\/wordpress\/wp-content\/uploads\/2018\/12\/PUIGPARDINES-JOANETES-OLLETES-PERFIL.jpg 1846w\" sizes=\"auto, (max-width: 1024px) 100vw, 1024px\" \/><\/a><\/figure>\n\n\n\n<p><\/p>\n\n\n\n<figure class=\"wp-block-image aligncenter\"><img loading=\"lazy\" decoding=\"async\" width=\"261\" height=\"37\" src=\"http:\/\/fotosenderismo.com\/wordpress\/wp-content\/uploads\/2018\/12\/RELACIONADAS-1.jpg\" alt=\"\" class=\"wp-image-12808\"\/><\/figure>\n\n\n\n<p><\/p>\n\n\n\n<figure class=\"wp-block-embed aligncenter is-type-wp-embed is-provider-fotosenderismo-com wp-block-embed-fotosenderismo-com\"><div class=\"wp-block-embed__wrapper\">\n<blockquote class=\"wp-embedded-content\" data-secret=\"QoTKar1TWt\"><a href=\"https:\/\/fotosenderismo.com\/wordpress\/index.php\/2020\/12\/17\/puigpardines-sender-i-font-can-vidalic-picnic-sant-privat-les-olletes-sender-olletes-joanetes-sender-de-la-panosa\/\">Puigpardines, Sender i Font Can Vidalic, Picnic Sant Privat, Les Olletes, Sender Olletes-Joanetes, Sender de la Panosa<\/a><\/blockquote><iframe loading=\"lazy\" class=\"wp-embedded-content\" sandbox=\"allow-scripts\" security=\"restricted\" style=\"position: absolute; clip: rect(1px, 1px, 1px, 1px);\" title=\"\u00abPuigpardines, Sender i Font Can Vidalic, Picnic Sant Privat, Les Olletes, Sender Olletes-Joanetes, Sender de la Panosa\u00bb \u2014 FOTOSENDERISMO.COM\" src=\"https:\/\/fotosenderismo.com\/wordpress\/index.php\/2020\/12\/17\/puigpardines-sender-i-font-can-vidalic-picnic-sant-privat-les-olletes-sender-olletes-joanetes-sender-de-la-panosa\/embed\/#?secret=NzSJrgjUDF#?secret=QoTKar1TWt\" data-secret=\"QoTKar1TWt\" width=\"600\" height=\"338\" frameborder=\"0\" marginwidth=\"0\" marginheight=\"0\" scrolling=\"no\"><\/iframe>\n<\/div><\/figure>\n\n\n\n<figure class=\"wp-block-embed aligncenter is-type-wp-embed is-provider-fotosenderismo-com wp-block-embed-fotosenderismo-com\"><div class=\"wp-block-embed__wrapper\">\n<blockquote class=\"wp-embedded-content\" data-secret=\"XBMDNq8FPZ\"><a href=\"https:\/\/fotosenderismo.com\/wordpress\/index.php\/2018\/12\/18\/caminos-del-puigsacalm-joanetes-serrat-de-fontanils-sant-antoni-puigpardines\/\">Caminos del Puigsacalm. Joanetes, Serrat de Fontanils, Sant Antoni (Puigpardines)<\/a><\/blockquote><iframe loading=\"lazy\" class=\"wp-embedded-content\" sandbox=\"allow-scripts\" security=\"restricted\" style=\"position: absolute; clip: rect(1px, 1px, 1px, 1px);\" title=\"\u00abCaminos del Puigsacalm. Joanetes, Serrat de Fontanils, Sant Antoni (Puigpardines)\u00bb \u2014 FOTOSENDERISMO.COM\" src=\"https:\/\/fotosenderismo.com\/wordpress\/index.php\/2018\/12\/18\/caminos-del-puigsacalm-joanetes-serrat-de-fontanils-sant-antoni-puigpardines\/embed\/#?secret=pqVKVnYjEo#?secret=XBMDNq8FPZ\" data-secret=\"XBMDNq8FPZ\" width=\"600\" height=\"338\" frameborder=\"0\" marginwidth=\"0\" marginheight=\"0\" scrolling=\"no\"><\/iframe>\n<\/div><\/figure>\n\n\n\n<figure class=\"wp-block-embed aligncenter is-type-wp-embed is-provider-fotosenderismo-com wp-block-embed-fotosenderismo-com\"><div class=\"wp-block-embed__wrapper\">\n<blockquote class=\"wp-embedded-content\" data-secret=\"w7UW4XbKmI\"><a href=\"https:\/\/fotosenderismo.com\/wordpress\/index.php\/2018\/11\/16\/vall-den-bas-camins-del-puigsacalm-puigpardines-les-olletes-sant-privat-den-bas\/\">Vall d\u2019en Bas. Camins del Puigsacalm. Puigpardines, Les Olletes, Sant Privat d\u2019en Bas<\/a><\/blockquote><iframe loading=\"lazy\" class=\"wp-embedded-content\" sandbox=\"allow-scripts\" security=\"restricted\" style=\"position: absolute; clip: rect(1px, 1px, 1px, 1px);\" title=\"\u00abVall d\u2019en Bas. Camins del Puigsacalm. Puigpardines, Les Olletes, Sant Privat d\u2019en Bas\u00bb \u2014 FOTOSENDERISMO.COM\" src=\"https:\/\/fotosenderismo.com\/wordpress\/index.php\/2018\/11\/16\/vall-den-bas-camins-del-puigsacalm-puigpardines-les-olletes-sant-privat-den-bas\/embed\/#?secret=3XDDufVFut#?secret=w7UW4XbKmI\" data-secret=\"w7UW4XbKmI\" width=\"600\" height=\"338\" frameborder=\"0\" marginwidth=\"0\" marginheight=\"0\" scrolling=\"no\"><\/iframe>\n<\/div><\/figure>\n","protected":false},"excerpt":{"rendered":"<p>Salida del 29 de diciembre de de 2018 que culmina y enlaza los recorridos de otras excursiones anteriores. Empieza en Puigpardines cruzando el Bosc de la Vedella, por un corto pero bello sendero que sigue hasta la mas\u00eda de Canyota. Desde ah\u00ed toma la pista asfaltada hasta el Rourell, donde seguiremos por el camino de la Mas\u00f3 y Can Prim. Justo antes de entrar en el recinto de Can Prim, abandonaremos la pista para subir monta\u00f1a arriba hasta dar con una cerca de alambre cuadriculada. La bordearemos en direcci\u00f3n sur hasta topar con una portezuela del mismo material. Habremos dado con el camino que nos ha de llevar a Joanetes. <\/p>\n","protected":false},"author":1,"featured_media":13031,"comment_status":"open","ping_status":"closed","sticky":false,"template":"","format":"standard","meta":{"footnotes":""},"categories":[45,46,131,142,143,281,34,42,47,48],"tags":[187,98,177,223],"class_list":["post-13025","post","type-post","status-publish","format-standard","has-post-thumbnail","hentry","category-garrotxa","category-girona","category-cumbres-garrotxa-mas-de-1000-metros","category-bellmunt-milany","category-1-5-volcanes","category-202-entre-15-y-20-km","category-entre-500-y-1000-metros","category-senderismo","category-circular-tipo-de-recorrido","category-media-montana-o-terrenos-altos","tag-fotos-by-eduard","tag-98","tag-eduard","tag-track-en-wikiloc"],"_links":{"self":[{"href":"https:\/\/fotosenderismo.com\/wordpress\/index.php\/wp-json\/wp\/v2\/posts\/13025","targetHints":{"allow":["GET"]}}],"collection":[{"href":"https:\/\/fotosenderismo.com\/wordpress\/index.php\/wp-json\/wp\/v2\/posts"}],"about":[{"href":"https:\/\/fotosenderismo.com\/wordpress\/index.php\/wp-json\/wp\/v2\/types\/post"}],"author":[{"embeddable":true,"href":"https:\/\/fotosenderismo.com\/wordpress\/index.php\/wp-json\/wp\/v2\/users\/1"}],"replies":[{"embeddable":true,"href":"https:\/\/fotosenderismo.com\/wordpress\/index.php\/wp-json\/wp\/v2\/comments?post=13025"}],"version-history":[{"count":12,"href":"https:\/\/fotosenderismo.com\/wordpress\/index.php\/wp-json\/wp\/v2\/posts\/13025\/revisions"}],"predecessor-version":[{"id":23229,"href":"https:\/\/fotosenderismo.com\/wordpress\/index.php\/wp-json\/wp\/v2\/posts\/13025\/revisions\/23229"}],"wp:featuredmedia":[{"embeddable":true,"href":"https:\/\/fotosenderismo.com\/wordpress\/index.php\/wp-json\/wp\/v2\/media\/13031"}],"wp:attachment":[{"href":"https:\/\/fotosenderismo.com\/wordpress\/index.php\/wp-json\/wp\/v2\/media?parent=13025"}],"wp:term":[{"taxonomy":"category","embeddable":true,"href":"https:\/\/fotosenderismo.com\/wordpress\/index.php\/wp-json\/wp\/v2\/categories?post=13025"},{"taxonomy":"post_tag","embeddable":true,"href":"https:\/\/fotosenderismo.com\/wordpress\/index.php\/wp-json\/wp\/v2\/tags?post=13025"}],"curies":[{"name":"wp","href":"https:\/\/api.w.org\/{rel}","templated":true}]}}