{"id":12964,"date":"2018-12-27T19:24:39","date_gmt":"2018-12-27T19:24:39","guid":{"rendered":"http:\/\/fotosenderismo.com\/wordpress\/?p=12964"},"modified":"2024-02-20T16:50:13","modified_gmt":"2024-02-20T16:50:13","slug":"oix-castell-doix-caminos-de-les-romegueres-sant-andreu-de-bestraca-sant-miquel-de-pera","status":"publish","type":"post","link":"https:\/\/fotosenderismo.com\/wordpress\/index.php\/2018\/12\/27\/oix-castell-doix-caminos-de-les-romegueres-sant-andreu-de-bestraca-sant-miquel-de-pera\/","title":{"rendered":"Oix, Castell d\u2019Oix, caminos de les Romegueres, Sant Andreu de Bestrac\u00e0, Sant Miquel de Pera"},"content":{"rendered":"\n<p><\/p>\n\n\n\n<figure class=\"wp-block-image aligncenter\"><a href=\"https:\/\/photos.google.com\/share\/AF1QipOQ_Hsf-cWM0HONvst_CRH000tVB0sLIRcKA3LRD50fJJr6cBDkT7X38tOSLDoYOw?key=a0pnaEJpRmQ4S1hqU3pxeDllamk4aWFUTUxuSTR3\" target=\"_blank\" rel=\"noreferrer noopener\"><img loading=\"lazy\" decoding=\"async\" width=\"400\" height=\"53\" src=\"http:\/\/fotosenderismo.com\/wordpress\/wp-content\/uploads\/2010\/06\/visualizar-galeria-fotos.jpg\" alt=\"\" class=\"wp-image-12745\" srcset=\"https:\/\/fotosenderismo.com\/wordpress\/wp-content\/uploads\/2010\/06\/visualizar-galeria-fotos.jpg 400w, https:\/\/fotosenderismo.com\/wordpress\/wp-content\/uploads\/2010\/06\/visualizar-galeria-fotos-300x40.jpg 300w\" sizes=\"auto, (max-width: 400px) 100vw, 400px\" \/><\/a><\/figure>\n\n\n\n<p><\/p>\n\n\n\n<figure class=\"wp-block-image\"><a href=\"http:\/\/fotosenderismo.com\/wordpress\/wp-content\/uploads\/2018\/12\/ANDREU-MIQUEL-DATOS.jpg\" target=\"_blank\" rel=\"noreferrer noopener\"><img loading=\"lazy\" decoding=\"async\" width=\"1024\" height=\"780\" src=\"http:\/\/fotosenderismo.com\/wordpress\/wp-content\/uploads\/2018\/12\/ANDREU-MIQUEL-DATOS-1024x780.jpg\" alt=\"\" class=\"wp-image-12965\" srcset=\"https:\/\/fotosenderismo.com\/wordpress\/wp-content\/uploads\/2018\/12\/ANDREU-MIQUEL-DATOS-1024x780.jpg 1024w, https:\/\/fotosenderismo.com\/wordpress\/wp-content\/uploads\/2018\/12\/ANDREU-MIQUEL-DATOS-300x228.jpg 300w, https:\/\/fotosenderismo.com\/wordpress\/wp-content\/uploads\/2018\/12\/ANDREU-MIQUEL-DATOS-768x585.jpg 768w, https:\/\/fotosenderismo.com\/wordpress\/wp-content\/uploads\/2018\/12\/ANDREU-MIQUEL-DATOS-800x609.jpg 800w, https:\/\/fotosenderismo.com\/wordpress\/wp-content\/uploads\/2018\/12\/ANDREU-MIQUEL-DATOS.jpg 1388w\" sizes=\"auto, (max-width: 1024px) 100vw, 1024px\" \/><\/a><\/figure>\n\n\n\n<p><\/p>\n\n\n\n<figure class=\"wp-block-image aligncenter size-full\"><a href=\"https:\/\/fotosenderismo.com\/wordpress\/wp-content\/uploads\/2018-12-27-OIX-SENDER-ROMEGUERES-SANT-ANDREU-BESTRACA-SANT-MIQUEL.gpx\"><img loading=\"lazy\" decoding=\"async\" width=\"400\" height=\"50\" src=\"https:\/\/fotosenderismo.com\/wordpress\/wp-content\/uploads\/2024\/02\/image-2.png\" alt=\"\" class=\"wp-image-23096\" srcset=\"https:\/\/fotosenderismo.com\/wordpress\/wp-content\/uploads\/2024\/02\/image-2.png 400w, https:\/\/fotosenderismo.com\/wordpress\/wp-content\/uploads\/2024\/02\/image-2-300x38.png 300w\" sizes=\"auto, (max-width: 400px) 100vw, 400px\" \/><\/a><\/figure>\n\n\n\n<p><\/p>\n\n\n\n<figure class=\"wp-block-image aligncenter\"><a href=\"https:\/\/ca.wikiloc.com\/rutes-senderisme\/oix-castell-sendero-y-camino-de-les-romegueres-sant-andreu-de-bestraca-sant-miquel-de-pera-31672401\" target=\"_blank\" rel=\"noreferrer noopener\"><img loading=\"lazy\" decoding=\"async\" width=\"400\" height=\"52\" src=\"http:\/\/fotosenderismo.com\/wordpress\/wp-content\/uploads\/2010\/05\/track-wikiloc.jpg\" alt=\"\" class=\"wp-image-12734\" srcset=\"https:\/\/fotosenderismo.com\/wordpress\/wp-content\/uploads\/2010\/05\/track-wikiloc.jpg 400w, https:\/\/fotosenderismo.com\/wordpress\/wp-content\/uploads\/2010\/05\/track-wikiloc-300x39.jpg 300w\" sizes=\"auto, (max-width: 400px) 100vw, 400px\" \/><\/a><\/figure>\n\n\n\n<p><\/p>\n\n\n\n<p class=\"has-drop-cap has-very-light-gray-background-color has-background\" style=\"font-size:18px\">Salida de 27 de diciembre de 2018 que empieza en Oix, en la Alta Garrotxa, se adentra en el recinto del Castillo de esta poblaci\u00f3n y sube por un viejo camino semiabandonado, pero perfectamente transitable hasta la carretera de Beget. Despu\u00e9s sigue por la carretera en direcci\u00f3n este y unos trescientos metros m\u00e1s adelante toma una pista forestal. Por ella llegaremos al Torrent de les Romegueres. Pasado el torrente unos 150 metros aproximados, tomaremos un sendero que asciende en direcci\u00f3n oeste de forma paralela al mismo. Aqu\u00ed hay que estar muy atentos porque la entrada a este sendero es algo dif\u00edcil de ver y ya en \u00e9l en algunos puntos es dif\u00edcil de rastrear. A pesar de ello, aunque caminemos despacio para no perderlo, est\u00e1 bastante limpio y se puede caminar por \u00e9l sin ning\u00fan problema. Al final llegaremos a un campo despejado (ya junto al Coll de Bestrac\u00e0) que nos dejar\u00e1 junto al camino que sube a Sant Andreu de Bestrac\u00e0. Una vez visitada esta ermita, volveremos otra vez al Coll de Bestrac\u00e0 para tomar el camino del Coll Sagordi. No llegaremos a \u00e9ste, ya que, una vez alcanzada la carretera, la tomaremos en direcci\u00f3n Oix, para desviarnos muy pronto en una pista que nos va a dejar en Sant Miquel de Pera. En Sant Miquel de Pera, seguiremos la pista que nos devolver\u00e1 a Oix.  <\/p>\n\n\n\n<p><\/p>\n\n\n\n<figure class=\"wp-block-image\"><a href=\"http:\/\/fotosenderismo.com\/wordpress\/wp-content\/uploads\/2018\/12\/ANDREU-MIQUEL-MAPA.jpg\" target=\"_blank\" rel=\"noreferrer noopener\"><img loading=\"lazy\" decoding=\"async\" width=\"1024\" height=\"576\" src=\"http:\/\/fotosenderismo.com\/wordpress\/wp-content\/uploads\/2018\/12\/ANDREU-MIQUEL-MAPA-1024x576.jpg\" alt=\"\" class=\"wp-image-12966\" srcset=\"https:\/\/fotosenderismo.com\/wordpress\/wp-content\/uploads\/2018\/12\/ANDREU-MIQUEL-MAPA-1024x576.jpg 1024w, https:\/\/fotosenderismo.com\/wordpress\/wp-content\/uploads\/2018\/12\/ANDREU-MIQUEL-MAPA-300x169.jpg 300w, https:\/\/fotosenderismo.com\/wordpress\/wp-content\/uploads\/2018\/12\/ANDREU-MIQUEL-MAPA-768x432.jpg 768w, https:\/\/fotosenderismo.com\/wordpress\/wp-content\/uploads\/2018\/12\/ANDREU-MIQUEL-MAPA-800x450.jpg 800w, https:\/\/fotosenderismo.com\/wordpress\/wp-content\/uploads\/2018\/12\/ANDREU-MIQUEL-MAPA.jpg 1920w\" sizes=\"auto, (max-width: 1024px) 100vw, 1024px\" \/><\/a><\/figure>\n\n\n\n<p><\/p>\n\n\n\n<figure class=\"wp-block-image\"><a href=\"http:\/\/fotosenderismo.com\/wordpress\/wp-content\/uploads\/2018\/12\/ANDREU-MIQUEL-EARTH-2.jpg\" target=\"_blank\" rel=\"noreferrer noopener\"><img loading=\"lazy\" decoding=\"async\" width=\"1024\" height=\"518\" src=\"http:\/\/fotosenderismo.com\/wordpress\/wp-content\/uploads\/2018\/12\/ANDREU-MIQUEL-EARTH-2-1024x518.jpg\" alt=\"\" class=\"wp-image-12967\" srcset=\"https:\/\/fotosenderismo.com\/wordpress\/wp-content\/uploads\/2018\/12\/ANDREU-MIQUEL-EARTH-2-1024x518.jpg 1024w, https:\/\/fotosenderismo.com\/wordpress\/wp-content\/uploads\/2018\/12\/ANDREU-MIQUEL-EARTH-2-300x152.jpg 300w, https:\/\/fotosenderismo.com\/wordpress\/wp-content\/uploads\/2018\/12\/ANDREU-MIQUEL-EARTH-2-768x388.jpg 768w, https:\/\/fotosenderismo.com\/wordpress\/wp-content\/uploads\/2018\/12\/ANDREU-MIQUEL-EARTH-2-800x405.jpg 800w, https:\/\/fotosenderismo.com\/wordpress\/wp-content\/uploads\/2018\/12\/ANDREU-MIQUEL-EARTH-2.jpg 1920w\" sizes=\"auto, (max-width: 1024px) 100vw, 1024px\" \/><\/a><\/figure>\n\n\n\n<p><\/p>\n\n\n\n<figure class=\"wp-block-image\"><a href=\"http:\/\/fotosenderismo.com\/wordpress\/wp-content\/uploads\/2018\/12\/ANDREU-MIQUEL-EARTH-1.jpg\" target=\"_blank\" rel=\"noreferrer noopener\"><img loading=\"lazy\" decoding=\"async\" width=\"1024\" height=\"518\" src=\"http:\/\/fotosenderismo.com\/wordpress\/wp-content\/uploads\/2018\/12\/ANDREU-MIQUEL-EARTH-1-1024x518.jpg\" alt=\"\" class=\"wp-image-12968\" srcset=\"https:\/\/fotosenderismo.com\/wordpress\/wp-content\/uploads\/2018\/12\/ANDREU-MIQUEL-EARTH-1-1024x518.jpg 1024w, https:\/\/fotosenderismo.com\/wordpress\/wp-content\/uploads\/2018\/12\/ANDREU-MIQUEL-EARTH-1-300x152.jpg 300w, https:\/\/fotosenderismo.com\/wordpress\/wp-content\/uploads\/2018\/12\/ANDREU-MIQUEL-EARTH-1-768x388.jpg 768w, https:\/\/fotosenderismo.com\/wordpress\/wp-content\/uploads\/2018\/12\/ANDREU-MIQUEL-EARTH-1-800x405.jpg 800w, https:\/\/fotosenderismo.com\/wordpress\/wp-content\/uploads\/2018\/12\/ANDREU-MIQUEL-EARTH-1.jpg 1920w\" sizes=\"auto, (max-width: 1024px) 100vw, 1024px\" \/><\/a><\/figure>\n\n\n\n<p><\/p>\n\n\n\n<figure class=\"wp-block-image\"><a href=\"http:\/\/fotosenderismo.com\/wordpress\/wp-content\/uploads\/2018\/12\/ANDREU-MIQUEL-PERFIL.jpg\" target=\"_blank\" rel=\"noreferrer noopener\"><img loading=\"lazy\" decoding=\"async\" width=\"1024\" height=\"257\" src=\"http:\/\/fotosenderismo.com\/wordpress\/wp-content\/uploads\/2018\/12\/ANDREU-MIQUEL-PERFIL-1024x257.jpg\" alt=\"\" class=\"wp-image-12969\" srcset=\"https:\/\/fotosenderismo.com\/wordpress\/wp-content\/uploads\/2018\/12\/ANDREU-MIQUEL-PERFIL-1024x257.jpg 1024w, https:\/\/fotosenderismo.com\/wordpress\/wp-content\/uploads\/2018\/12\/ANDREU-MIQUEL-PERFIL-300x75.jpg 300w, https:\/\/fotosenderismo.com\/wordpress\/wp-content\/uploads\/2018\/12\/ANDREU-MIQUEL-PERFIL-768x192.jpg 768w, https:\/\/fotosenderismo.com\/wordpress\/wp-content\/uploads\/2018\/12\/ANDREU-MIQUEL-PERFIL-800x200.jpg 800w, https:\/\/fotosenderismo.com\/wordpress\/wp-content\/uploads\/2018\/12\/ANDREU-MIQUEL-PERFIL.jpg 1876w\" sizes=\"auto, (max-width: 1024px) 100vw, 1024px\" \/><\/a><\/figure>\n\n\n\n<p><\/p>\n\n\n\n<figure class=\"wp-block-image aligncenter\"><img loading=\"lazy\" decoding=\"async\" width=\"261\" height=\"37\" src=\"http:\/\/fotosenderismo.com\/wordpress\/wp-content\/uploads\/2018\/12\/RELACIONADAS-1.jpg\" alt=\"\" class=\"wp-image-12808\"\/><\/figure>\n\n\n\n<p><\/p>\n\n\n\n<figure class=\"wp-block-embed aligncenter is-type-wp-embed is-provider-fotosenderismo-com wp-block-embed-fotosenderismo-com\"><div class=\"wp-block-embed__wrapper\">\n<blockquote class=\"wp-embedded-content\" data-secret=\"TU6y1x75zz\"><a href=\"https:\/\/fotosenderismo.com\/wordpress\/index.php\/2018\/04\/27\/oix-sant-miquel-de-pera-coll-de-bestraca\/\">Oix, Sant Miquel de Pera, Coll de Bestrac\u00e0<\/a><\/blockquote><iframe loading=\"lazy\" class=\"wp-embedded-content\" sandbox=\"allow-scripts\" security=\"restricted\" style=\"position: absolute; clip: rect(1px, 1px, 1px, 1px);\" title=\"\u00abOix, Sant Miquel de Pera, Coll de Bestrac\u00e0\u00bb \u2014 FOTOSENDERISMO.COM\" src=\"https:\/\/fotosenderismo.com\/wordpress\/index.php\/2018\/04\/27\/oix-sant-miquel-de-pera-coll-de-bestraca\/embed\/#?secret=SKMZrLqx5G#?secret=TU6y1x75zz\" data-secret=\"TU6y1x75zz\" width=\"600\" height=\"338\" frameborder=\"0\" marginwidth=\"0\" marginheight=\"0\" scrolling=\"no\"><\/iframe>\n<\/div><\/figure>\n\n\n\n<figure class=\"wp-block-embed aligncenter is-type-wp-embed is-provider-fotosenderismo-com wp-block-embed-fotosenderismo-com\"><div class=\"wp-block-embed__wrapper\">\n<blockquote class=\"wp-embedded-content\" data-secret=\"sVk7p0A3aM\"><a href=\"https:\/\/fotosenderismo.com\/wordpress\/index.php\/2018\/12\/19\/oix-pont-de-pedra-cami-de-les-romegueres-bac-del-peirer-castell-doix\/\">Oix, Pont de Pedra, Cam\u00ed de les Romegueres, Bac del Peirer, Castell d&#8217;Oix<\/a><\/blockquote><iframe loading=\"lazy\" class=\"wp-embedded-content\" sandbox=\"allow-scripts\" security=\"restricted\" style=\"position: absolute; clip: rect(1px, 1px, 1px, 1px);\" title=\"\u00abOix, Pont de Pedra, Cam\u00ed de les Romegueres, Bac del Peirer, Castell d&#8217;Oix\u00bb \u2014 FOTOSENDERISMO.COM\" src=\"https:\/\/fotosenderismo.com\/wordpress\/index.php\/2018\/12\/19\/oix-pont-de-pedra-cami-de-les-romegueres-bac-del-peirer-castell-doix\/embed\/#?secret=NjCMACtiGh#?secret=sVk7p0A3aM\" data-secret=\"sVk7p0A3aM\" width=\"600\" height=\"338\" frameborder=\"0\" marginwidth=\"0\" marginheight=\"0\" scrolling=\"no\"><\/iframe>\n<\/div><\/figure>\n\n\n\n<figure class=\"wp-block-embed aligncenter is-type-wp-embed is-provider-fotosenderismo-com wp-block-embed-fotosenderismo-com\"><div class=\"wp-block-embed__wrapper\">\n<blockquote class=\"wp-embedded-content\" data-secret=\"8KQbiAmjm0\"><a href=\"https:\/\/fotosenderismo.com\/wordpress\/index.php\/2014\/04\/08\/circunvalacion-al-montmajor-oix-vall-den-bac-oix\/\">Circunvalaci\u00f3n al Montmajor. Oix, vall d&#8217;en Bac, Oix<\/a><\/blockquote><iframe loading=\"lazy\" class=\"wp-embedded-content\" sandbox=\"allow-scripts\" security=\"restricted\" style=\"position: absolute; clip: rect(1px, 1px, 1px, 1px);\" title=\"\u00abCircunvalaci\u00f3n al Montmajor. Oix, vall d&#8217;en Bac, Oix\u00bb \u2014 FOTOSENDERISMO.COM\" src=\"https:\/\/fotosenderismo.com\/wordpress\/index.php\/2014\/04\/08\/circunvalacion-al-montmajor-oix-vall-den-bac-oix\/embed\/#?secret=SHf1MVni9P#?secret=8KQbiAmjm0\" data-secret=\"8KQbiAmjm0\" width=\"600\" height=\"338\" frameborder=\"0\" marginwidth=\"0\" marginheight=\"0\" scrolling=\"no\"><\/iframe>\n<\/div><\/figure>\n\n\n\n<p class=\"has-text-align-center has-pale-cyan-blue-background-color has-background has-normal-font-size\"><strong> Salida seg\u00fan OruxMaps<\/strong><br>Hora Inicio: 12\/27\/2018 09:12<br>Hora Fin: 12\/27\/2018 14:42<br>Distancia recorrida: 13,7 km (05:29)<br>Tiempo en movimiento: 03:42<br>Velocidad media: 2,48 km\/h<br>Vel. en Mov.: 3,68 km\/h<br>Velocidad M\u00e1xima: 7,9 km\/h<br>Altura M\u00ednima: 393 m<br>Altura M\u00e1xima: 876 m<br>Velocidad Ascenso: 339,8 m\/h<br>Velocidad Descenso: -260,6 m\/h<br>Ganancia Altitud: 796 m<br>P\u00e9rdida Altitud: -763 m<br>Tiempo Ascenso: 02:20<br>Tiempo Descenso: 02:55  <\/p>\n","protected":false},"excerpt":{"rendered":"<p>Salida de 27 de diciembre de 2018 que empieza en Oix, en la Alta Garrotxa, se adentra en el recinto del Castillo de esta poblaci\u00f3n y sube por un viejo camino semiabandonado pero perfectamente transitable hasta la carretera de Beget. Despu\u00e9s sigue por la carretera en direcci\u00f3n este y unos trescientos metros m\u00e1s adelante toma una pista forestal. Por ella llegaremos al Torrent de les Romegueres. Pasado el torrente unos 150 metros aproximados, tomaremos un sendero que asciende en direcci\u00f3n oeste de forma paralela al mismo. Aqu\u00ed hay que estar muy atentos porque la entrada a este sendero es algo dif\u00edcil de ver y ya en \u00e9l en algunos puntos es dif\u00edcil de rastrear.<\/p>\n","protected":false},"author":1,"featured_media":12970,"comment_status":"open","ping_status":"closed","sticky":false,"template":"","format":"standard","meta":{"footnotes":""},"categories":[45,46,49,280,34,42,47,60],"tags":[187,98,177,223],"class_list":["post-12964","post","type-post","status-publish","format-standard","has-post-thumbnail","hentry","category-garrotxa","category-girona","category-alta-garrotxa","category-202-entre-10-y-15-km","category-entre-500-y-1000-metros","category-senderismo","category-circular-tipo-de-recorrido","category-baja-montana-o-tierras-a-media-altitud","tag-fotos-by-eduard","tag-98","tag-eduard","tag-track-en-wikiloc"],"_links":{"self":[{"href":"https:\/\/fotosenderismo.com\/wordpress\/index.php\/wp-json\/wp\/v2\/posts\/12964","targetHints":{"allow":["GET"]}}],"collection":[{"href":"https:\/\/fotosenderismo.com\/wordpress\/index.php\/wp-json\/wp\/v2\/posts"}],"about":[{"href":"https:\/\/fotosenderismo.com\/wordpress\/index.php\/wp-json\/wp\/v2\/types\/post"}],"author":[{"embeddable":true,"href":"https:\/\/fotosenderismo.com\/wordpress\/index.php\/wp-json\/wp\/v2\/users\/1"}],"replies":[{"embeddable":true,"href":"https:\/\/fotosenderismo.com\/wordpress\/index.php\/wp-json\/wp\/v2\/comments?post=12964"}],"version-history":[{"count":15,"href":"https:\/\/fotosenderismo.com\/wordpress\/index.php\/wp-json\/wp\/v2\/posts\/12964\/revisions"}],"predecessor-version":[{"id":23233,"href":"https:\/\/fotosenderismo.com\/wordpress\/index.php\/wp-json\/wp\/v2\/posts\/12964\/revisions\/23233"}],"wp:featuredmedia":[{"embeddable":true,"href":"https:\/\/fotosenderismo.com\/wordpress\/index.php\/wp-json\/wp\/v2\/media\/12970"}],"wp:attachment":[{"href":"https:\/\/fotosenderismo.com\/wordpress\/index.php\/wp-json\/wp\/v2\/media?parent=12964"}],"wp:term":[{"taxonomy":"category","embeddable":true,"href":"https:\/\/fotosenderismo.com\/wordpress\/index.php\/wp-json\/wp\/v2\/categories?post=12964"},{"taxonomy":"post_tag","embeddable":true,"href":"https:\/\/fotosenderismo.com\/wordpress\/index.php\/wp-json\/wp\/v2\/tags?post=12964"}],"curies":[{"name":"wp","href":"https:\/\/api.w.org\/{rel}","templated":true}]}}