{"id":12850,"date":"2018-12-18T16:04:24","date_gmt":"2018-12-18T16:04:24","guid":{"rendered":"http:\/\/fotosenderismo.com\/wordpress\/?p=12850"},"modified":"2024-02-20T16:55:27","modified_gmt":"2024-02-20T16:55:27","slug":"caminos-del-puigsacalm-joanetes-serrat-de-fontanils-sant-antoni-puigpardines","status":"publish","type":"post","link":"https:\/\/fotosenderismo.com\/wordpress\/index.php\/2018\/12\/18\/caminos-del-puigsacalm-joanetes-serrat-de-fontanils-sant-antoni-puigpardines\/","title":{"rendered":"Caminos del Puigsacalm. Joanetes, Serrat de Fontanils, Sant Antoni (Puigpardines)"},"content":{"rendered":"\n<p><\/p>\n\n\n\n<figure class=\"wp-block-image aligncenter\"><a href=\"https:\/\/photos.google.com\/share\/AF1QipML4fxcqB2P5HBJLXQC-3zEQx9tlbsN444zNFNTRFw8hLLe6W97ScN26tQ9Ia1FSw?key=eklJOGk4bE1HeTNKN2FkdkY4OFJ0b3Npd2YzZl9n\" target=\"_blank\" rel=\"noopener noreferrer\"><img loading=\"lazy\" decoding=\"async\" width=\"400\" height=\"53\" src=\"http:\/\/fotosenderismo.com\/wordpress\/wp-content\/uploads\/2010\/06\/visualizar-galeria-fotos.jpg\" alt=\"\" class=\"wp-image-12745\" srcset=\"https:\/\/fotosenderismo.com\/wordpress\/wp-content\/uploads\/2010\/06\/visualizar-galeria-fotos.jpg 400w, https:\/\/fotosenderismo.com\/wordpress\/wp-content\/uploads\/2010\/06\/visualizar-galeria-fotos-300x40.jpg 300w\" sizes=\"auto, (max-width: 400px) 100vw, 400px\" \/><\/a><\/figure>\n\n\n\n<p><\/p>\n\n\n\n<figure class=\"wp-block-image aligncenter\"><a href=\"http:\/\/fotosenderismo.com\/wordpress\/wp-content\/uploads\/2018\/12\/JOANETES-FONTANILS-DATOS.jpg\" target=\"_blank\" rel=\"noopener noreferrer\"><img loading=\"lazy\" decoding=\"async\" width=\"1401\" height=\"1059\" src=\"http:\/\/fotosenderismo.com\/wordpress\/wp-content\/uploads\/2018\/12\/JOANETES-FONTANILS-DATOS.jpg\" alt=\"\" class=\"wp-image-12851\" srcset=\"https:\/\/fotosenderismo.com\/wordpress\/wp-content\/uploads\/2018\/12\/JOANETES-FONTANILS-DATOS.jpg 1401w, https:\/\/fotosenderismo.com\/wordpress\/wp-content\/uploads\/2018\/12\/JOANETES-FONTANILS-DATOS-300x227.jpg 300w, https:\/\/fotosenderismo.com\/wordpress\/wp-content\/uploads\/2018\/12\/JOANETES-FONTANILS-DATOS-768x581.jpg 768w, https:\/\/fotosenderismo.com\/wordpress\/wp-content\/uploads\/2018\/12\/JOANETES-FONTANILS-DATOS-1024x774.jpg 1024w, https:\/\/fotosenderismo.com\/wordpress\/wp-content\/uploads\/2018\/12\/JOANETES-FONTANILS-DATOS-800x605.jpg 800w\" sizes=\"auto, (max-width: 1401px) 100vw, 1401px\" \/><\/a><\/figure>\n\n\n\n<p><\/p>\n\n\n\n<figure class=\"wp-block-image aligncenter size-full\"><a href=\"https:\/\/fotosenderismo.com\/wordpress\/wp-content\/uploads\/2018-12-18-JOANETES-SERRAT-DE-FONTANILS-SANT-ANTONI.gpx\"><img loading=\"lazy\" decoding=\"async\" width=\"400\" height=\"50\" src=\"https:\/\/fotosenderismo.com\/wordpress\/wp-content\/uploads\/2024\/02\/image-2.png\" alt=\"\" class=\"wp-image-23096\" srcset=\"https:\/\/fotosenderismo.com\/wordpress\/wp-content\/uploads\/2024\/02\/image-2.png 400w, https:\/\/fotosenderismo.com\/wordpress\/wp-content\/uploads\/2024\/02\/image-2-300x38.png 300w\" sizes=\"auto, (max-width: 400px) 100vw, 400px\" \/><\/a><\/figure>\n\n\n\n<p><\/p>\n\n\n\n<figure class=\"wp-block-image aligncenter\"><a href=\"https:\/\/ca.wikiloc.com\/rutes-senderisme\/caminos-del-puigsacalm-joanetes-serrat-de-fontanils-sant-antoni-puigpardines-31454083\" target=\"_blank\" rel=\"noopener noreferrer\"><img loading=\"lazy\" decoding=\"async\" width=\"400\" height=\"52\" src=\"http:\/\/fotosenderismo.com\/wordpress\/wp-content\/uploads\/2010\/05\/track-wikiloc.jpg\" alt=\"\" class=\"wp-image-12734\" srcset=\"https:\/\/fotosenderismo.com\/wordpress\/wp-content\/uploads\/2010\/05\/track-wikiloc.jpg 400w, https:\/\/fotosenderismo.com\/wordpress\/wp-content\/uploads\/2010\/05\/track-wikiloc-300x39.jpg 300w\" sizes=\"auto, (max-width: 400px) 100vw, 400px\" \/><\/a><\/figure>\n\n\n\n<p><\/p>\n\n\n\n<p class=\"has-drop-cap has-very-light-gray-background-color has-background\"><strong><span style=\"font-size: 14pt; font-family: georgia, palatino, serif;\">Salida de mantenimiento que asciende hasta lo alto del Serrat de Fontanils aprovechando el camino amarillo que, desde Joanetes, asciende hasta les Olletes. Cuando alcanza la antigua mas\u00eda de Fantanils, desciende por pistas emboscadas hasta Sant Antnoni de Puigpardines. Despu\u00e9s se desplaza por un peque\u00f1o tramo de la Plana d\u2019en Bas hasta alcanzar el Rourell, donde tomaremos otra pista forestal que pasa junto a las mas\u00edas Serrademunt y Can Serra. Llegando a la entrada de Can Prim, tenemos que dejar la pista forestal para ascender por la monta\u00f1a fuera de todo camino. Siguiendo el track daremos, muy pronto, con una portezuela en una valla de alambrada cuadriculada. All\u00ed veremos un sendero que nos va a llevar a otra puerta de hierro. A partir de aqu\u00ed hay que estar atento al GPS y al suelo para seguir la trocha, ya que no es demasiado f\u00e1cil seguirla. A pesar de ello y de que se podr\u00edan cortar algunas ramas que lo atraviesan, es perfectamente transitable, y nos llevar\u00e1 a la mas\u00eda de la Codina, donde enlazaremos con una pista forestal muy ancha que nos va a dejar en Joanetes.<\/span><\/strong><\/p>\n\n\n\n<p class=\"has-very-light-gray-background-color has-background\"><strong><span style=\"font-size: 14pt; font-family: georgia, palatino, serif;\">Hay que estar atentos pasado la Mas\u00f3, porque cerca de ella encontraremos, a mano izquierda (siempre siguiendo en direcci\u00f3n horaria) una pista en la que hay un cartelito en forma de flecha de madera que dice \u201cJoanetes\u201d. No hagamos caso de esta indicaci\u00f3n. Ya intent\u00e9 seguir por all\u00ed otro d\u00eda y el camino estaba totalmente colapsado por la maleza y, en consecuencia, de ello, impracticable. Har\u00eda falta una aut\u00e9ntica brigada para desbrozarlo. Es por ello que hemos de tomar el senderuelo que parte de Can Prim.<\/span><\/strong><\/p>\n\n\n\n<p><\/p>\n\n\n\n<figure class=\"wp-block-image aligncenter\"><a href=\"http:\/\/fotosenderismo.com\/wordpress\/wp-content\/uploads\/2018\/12\/JOANETES-FONTANILS-MAPA.jpg\" target=\"_blank\" rel=\"noopener noreferrer\"><img loading=\"lazy\" decoding=\"async\" width=\"1920\" height=\"1748\" src=\"http:\/\/fotosenderismo.com\/wordpress\/wp-content\/uploads\/2018\/12\/JOANETES-FONTANILS-MAPA.jpg\" alt=\"\" class=\"wp-image-12855\" srcset=\"https:\/\/fotosenderismo.com\/wordpress\/wp-content\/uploads\/2018\/12\/JOANETES-FONTANILS-MAPA.jpg 1920w, https:\/\/fotosenderismo.com\/wordpress\/wp-content\/uploads\/2018\/12\/JOANETES-FONTANILS-MAPA-300x273.jpg 300w, https:\/\/fotosenderismo.com\/wordpress\/wp-content\/uploads\/2018\/12\/JOANETES-FONTANILS-MAPA-768x699.jpg 768w, https:\/\/fotosenderismo.com\/wordpress\/wp-content\/uploads\/2018\/12\/JOANETES-FONTANILS-MAPA-1024x932.jpg 1024w, https:\/\/fotosenderismo.com\/wordpress\/wp-content\/uploads\/2018\/12\/JOANETES-FONTANILS-MAPA-800x728.jpg 800w\" sizes=\"auto, (max-width: 1920px) 100vw, 1920px\" \/><\/a><\/figure>\n\n\n\n<p><\/p>\n\n\n\n<figure class=\"wp-block-image aligncenter\"><a href=\"http:\/\/fotosenderismo.com\/wordpress\/wp-content\/uploads\/2018\/12\/JOANETES-FONTANILS-EARTH-1.jpg\" target=\"_blank\" rel=\"noopener noreferrer\"><img loading=\"lazy\" decoding=\"async\" width=\"1920\" height=\"971\" src=\"http:\/\/fotosenderismo.com\/wordpress\/wp-content\/uploads\/2018\/12\/JOANETES-FONTANILS-EARTH-1.jpg\" alt=\"\" class=\"wp-image-12852\" srcset=\"https:\/\/fotosenderismo.com\/wordpress\/wp-content\/uploads\/2018\/12\/JOANETES-FONTANILS-EARTH-1.jpg 1920w, https:\/\/fotosenderismo.com\/wordpress\/wp-content\/uploads\/2018\/12\/JOANETES-FONTANILS-EARTH-1-300x152.jpg 300w, https:\/\/fotosenderismo.com\/wordpress\/wp-content\/uploads\/2018\/12\/JOANETES-FONTANILS-EARTH-1-768x388.jpg 768w, https:\/\/fotosenderismo.com\/wordpress\/wp-content\/uploads\/2018\/12\/JOANETES-FONTANILS-EARTH-1-1024x518.jpg 1024w, https:\/\/fotosenderismo.com\/wordpress\/wp-content\/uploads\/2018\/12\/JOANETES-FONTANILS-EARTH-1-800x405.jpg 800w\" sizes=\"auto, (max-width: 1920px) 100vw, 1920px\" \/><\/a><\/figure>\n\n\n\n<p><\/p>\n\n\n\n<figure class=\"wp-block-image aligncenter\"><a href=\"http:\/\/fotosenderismo.com\/wordpress\/wp-content\/uploads\/2018\/12\/JOANETES-FONTANILS-EARTH-2.jpg\" target=\"_blank\" rel=\"noopener noreferrer\"><img loading=\"lazy\" decoding=\"async\" width=\"1920\" height=\"971\" src=\"http:\/\/fotosenderismo.com\/wordpress\/wp-content\/uploads\/2018\/12\/JOANETES-FONTANILS-EARTH-2.jpg\" alt=\"\" class=\"wp-image-12853\" srcset=\"https:\/\/fotosenderismo.com\/wordpress\/wp-content\/uploads\/2018\/12\/JOANETES-FONTANILS-EARTH-2.jpg 1920w, https:\/\/fotosenderismo.com\/wordpress\/wp-content\/uploads\/2018\/12\/JOANETES-FONTANILS-EARTH-2-300x152.jpg 300w, https:\/\/fotosenderismo.com\/wordpress\/wp-content\/uploads\/2018\/12\/JOANETES-FONTANILS-EARTH-2-768x388.jpg 768w, https:\/\/fotosenderismo.com\/wordpress\/wp-content\/uploads\/2018\/12\/JOANETES-FONTANILS-EARTH-2-1024x518.jpg 1024w, https:\/\/fotosenderismo.com\/wordpress\/wp-content\/uploads\/2018\/12\/JOANETES-FONTANILS-EARTH-2-800x405.jpg 800w\" sizes=\"auto, (max-width: 1920px) 100vw, 1920px\" \/><\/a><\/figure>\n\n\n\n<p><\/p>\n\n\n\n<figure class=\"wp-block-image aligncenter\"><a href=\"http:\/\/fotosenderismo.com\/wordpress\/wp-content\/uploads\/2018\/12\/JOANETES-FONTANILS-PERFIL.jpg\" target=\"_blank\" rel=\"noopener noreferrer\"><img loading=\"lazy\" decoding=\"async\" width=\"1884\" height=\"527\" src=\"http:\/\/fotosenderismo.com\/wordpress\/wp-content\/uploads\/2018\/12\/JOANETES-FONTANILS-PERFIL.jpg\" alt=\"\" class=\"wp-image-12856\" srcset=\"https:\/\/fotosenderismo.com\/wordpress\/wp-content\/uploads\/2018\/12\/JOANETES-FONTANILS-PERFIL.jpg 1884w, https:\/\/fotosenderismo.com\/wordpress\/wp-content\/uploads\/2018\/12\/JOANETES-FONTANILS-PERFIL-300x84.jpg 300w, https:\/\/fotosenderismo.com\/wordpress\/wp-content\/uploads\/2018\/12\/JOANETES-FONTANILS-PERFIL-768x215.jpg 768w, https:\/\/fotosenderismo.com\/wordpress\/wp-content\/uploads\/2018\/12\/JOANETES-FONTANILS-PERFIL-1024x286.jpg 1024w, https:\/\/fotosenderismo.com\/wordpress\/wp-content\/uploads\/2018\/12\/JOANETES-FONTANILS-PERFIL-800x224.jpg 800w\" sizes=\"auto, (max-width: 1884px) 100vw, 1884px\" \/><\/a><\/figure>\n\n\n\n<p><\/p>\n\n\n\n<figure class=\"wp-block-image aligncenter\"><a href=\"http:\/\/fotosenderismo.com\/wordpress\/wp-content\/uploads\/2018\/12\/TERMINOS-DE-BUSQUEDA-1.jpg\"><img loading=\"lazy\" decoding=\"async\" width=\"260\" height=\"32\" src=\"http:\/\/fotosenderismo.com\/wordpress\/wp-content\/uploads\/2018\/12\/TERMINOS-DE-BUSQUEDA-1.jpg\" alt=\"\" class=\"wp-image-12809\"\/><\/a><\/figure>\n\n\n\n<p><\/p>\n\n\n\n<p class=\"has-text-align-center has-very-light-gray-background-color has-background\"> <strong><span style=\"font-size: 14pt; font-family: georgia, palatino, serif;\">Caminos del Puigsacalm. Joanetes, Serrat de Fontanils, Sant Antoni (Puigpardines)<\/span><\/strong><\/p>\n\n\n\n<p><\/p>\n\n\n\n<figure class=\"wp-block-image aligncenter\"><a href=\"http:\/\/fotosenderismo.com\/wordpress\/wp-content\/uploads\/2018\/12\/RELACIONADAS-1.jpg\"><img loading=\"lazy\" decoding=\"async\" width=\"261\" height=\"37\" src=\"http:\/\/fotosenderismo.com\/wordpress\/wp-content\/uploads\/2018\/12\/RELACIONADAS-1.jpg\" alt=\"\" class=\"wp-image-12808\"\/><\/a><\/figure>\n\n\n\n<p><\/p>\n\n\n\n<figure class=\"wp-block-embed aligncenter is-type-wp-embed is-provider-fotosenderismo-com wp-block-embed-fotosenderismo-com\"><div class=\"wp-block-embed__wrapper\">\n<blockquote class=\"wp-embedded-content\" data-secret=\"AYv2MIUjH9\"><a href=\"https:\/\/fotosenderismo.com\/wordpress\/index.php\/2018\/11\/16\/vall-den-bas-camins-del-puigsacalm-puigpardines-les-olletes-sant-privat-den-bas\/\">Vall d\u2019en Bas. Camins del Puigsacalm. Puigpardines, Les Olletes, Sant Privat d\u2019en Bas<\/a><\/blockquote><iframe loading=\"lazy\" class=\"wp-embedded-content\" sandbox=\"allow-scripts\" security=\"restricted\" style=\"position: absolute; clip: rect(1px, 1px, 1px, 1px);\" title=\"\u00abVall d\u2019en Bas. Camins del Puigsacalm. Puigpardines, Les Olletes, Sant Privat d\u2019en Bas\u00bb \u2014 FOTOSENDERISMO.COM\" src=\"https:\/\/fotosenderismo.com\/wordpress\/index.php\/2018\/11\/16\/vall-den-bas-camins-del-puigsacalm-puigpardines-les-olletes-sant-privat-den-bas\/embed\/#?secret=CO5r9CBGcN#?secret=AYv2MIUjH9\" data-secret=\"AYv2MIUjH9\" width=\"600\" height=\"338\" frameborder=\"0\" marginwidth=\"0\" marginheight=\"0\" scrolling=\"no\"><\/iframe>\n<\/div><\/figure>\n\n\n\n<figure class=\"wp-block-embed aligncenter is-type-wp-embed is-provider-fotosenderismo-com wp-block-embed-fotosenderismo-com\"><div class=\"wp-block-embed__wrapper\">\n<blockquote class=\"wp-embedded-content\" data-secret=\"ffAtpzj74f\"><a href=\"https:\/\/fotosenderismo.com\/wordpress\/index.php\/2011\/12\/06\/joanetes-puigsacalm-1515-m-olletes\/\">Joanetes, Puigsacalm (1515 m.), Olletes<\/a><\/blockquote><iframe loading=\"lazy\" class=\"wp-embedded-content\" sandbox=\"allow-scripts\" security=\"restricted\" style=\"position: absolute; clip: rect(1px, 1px, 1px, 1px);\" title=\"\u00abJoanetes, Puigsacalm (1515 m.), Olletes\u00bb \u2014 FOTOSENDERISMO.COM\" src=\"https:\/\/fotosenderismo.com\/wordpress\/index.php\/2011\/12\/06\/joanetes-puigsacalm-1515-m-olletes\/embed\/#?secret=yMt4iYB3Fp#?secret=ffAtpzj74f\" data-secret=\"ffAtpzj74f\" width=\"600\" height=\"338\" frameborder=\"0\" marginwidth=\"0\" marginheight=\"0\" scrolling=\"no\"><\/iframe>\n<\/div><\/figure>\n\n\n\n<p class=\"has-text-align-center\"><span style=\"text-decoration: underline;\"><span style=\"font-size: 18pt;\"><strong><span style=\"font-family: georgia, palatino, serif;\">Datos de OruxMaps<\/span><\/strong><\/span><\/span><\/p>\n\n\n\n<p class=\"has-pale-cyan-blue-background-color has-background\"><strong><span style=\"font-size: 14pt; font-family: georgia, palatino, serif;\">Hora Inicio: 12\/18\/2018 09:53, Hora Fin: 12\/18\/2018 13:51, Distancia recorrida: 12,2 km (03:58), Tiempo en movimiento: 03:08, Velocidad media: 3,08 km\/h, Vel. en Mov.: 3,9 km\/h, Velocidad M\u00e1xima: 7,34km\/h, Altura M\u00ednima: 469 m, Altura M\u00e1xima: 930 m, Velocidad Ascenso: 313,8 m\/h, Velocidad Descenso: -325 m\/h, Ganancia Altitud: 557 m, P\u00e9rdida Altitud: -557 m, Tiempo Ascenso: 01:56, Tiempo Descenso: 01:51<\/span><\/strong><\/p>\n","protected":false},"excerpt":{"rendered":"<p>Salida de mantenimiento que asciende hasta lo alto del Serrat de Fontanils aprovechando el camino amarillo que, desde Joanetes, asciende hasta les Olletes. Cuando alcanza la antigua mas\u00eda de Fantanils, desciende por pistas emboscadas hasta Sant Antnoni de Puigpardines. Despu\u00e9s se desplaza por un peque\u00f1o tramo de la Plana d\u2019en Bas hasta alcanzar el Rourell, donde tomaremos otra pista forestal que pasa junto a las mas\u00edas Serrademunt y Can Serra. Llegando a la entrada de Can Prim, tenemos que dejar la pista forestal para ascender por la monta\u00f1a fuera de todo camino. Siguiendo el track daremos, muy pronto, con una portezuela en una valla de alambrada cuadriculada. All\u00ed veremos un sendero que nos va a llevar a otra puerta de hierro. <\/p>\n","protected":false},"author":1,"featured_media":12854,"comment_status":"open","ping_status":"closed","sticky":false,"template":"","format":"standard","meta":{"footnotes":""},"categories":[45,46,142,280,34,42,47,48],"tags":[187,98,177,223],"class_list":["post-12850","post","type-post","status-publish","format-standard","has-post-thumbnail","hentry","category-garrotxa","category-girona","category-bellmunt-milany","category-202-entre-10-y-15-km","category-entre-500-y-1000-metros","category-senderismo","category-circular-tipo-de-recorrido","category-media-montana-o-terrenos-altos","tag-fotos-by-eduard","tag-98","tag-eduard","tag-track-en-wikiloc"],"_links":{"self":[{"href":"https:\/\/fotosenderismo.com\/wordpress\/index.php\/wp-json\/wp\/v2\/posts\/12850","targetHints":{"allow":["GET"]}}],"collection":[{"href":"https:\/\/fotosenderismo.com\/wordpress\/index.php\/wp-json\/wp\/v2\/posts"}],"about":[{"href":"https:\/\/fotosenderismo.com\/wordpress\/index.php\/wp-json\/wp\/v2\/types\/post"}],"author":[{"embeddable":true,"href":"https:\/\/fotosenderismo.com\/wordpress\/index.php\/wp-json\/wp\/v2\/users\/1"}],"replies":[{"embeddable":true,"href":"https:\/\/fotosenderismo.com\/wordpress\/index.php\/wp-json\/wp\/v2\/comments?post=12850"}],"version-history":[{"count":11,"href":"https:\/\/fotosenderismo.com\/wordpress\/index.php\/wp-json\/wp\/v2\/posts\/12850\/revisions"}],"predecessor-version":[{"id":23237,"href":"https:\/\/fotosenderismo.com\/wordpress\/index.php\/wp-json\/wp\/v2\/posts\/12850\/revisions\/23237"}],"wp:featuredmedia":[{"embeddable":true,"href":"https:\/\/fotosenderismo.com\/wordpress\/index.php\/wp-json\/wp\/v2\/media\/12854"}],"wp:attachment":[{"href":"https:\/\/fotosenderismo.com\/wordpress\/index.php\/wp-json\/wp\/v2\/media?parent=12850"}],"wp:term":[{"taxonomy":"category","embeddable":true,"href":"https:\/\/fotosenderismo.com\/wordpress\/index.php\/wp-json\/wp\/v2\/categories?post=12850"},{"taxonomy":"post_tag","embeddable":true,"href":"https:\/\/fotosenderismo.com\/wordpress\/index.php\/wp-json\/wp\/v2\/tags?post=12850"}],"curies":[{"name":"wp","href":"https:\/\/api.w.org\/{rel}","templated":true}]}}