{"id":12484,"date":"2018-10-30T16:21:03","date_gmt":"2018-10-30T16:21:03","guid":{"rendered":"http:\/\/fotosenderismo.com\/wordpress\/?p=12484"},"modified":"2024-02-20T21:13:03","modified_gmt":"2024-02-20T21:13:03","slug":"caminos-de-tortella-y-sales-de-llierca-el-borro-castell-de-sales-cami-de-meians","status":"publish","type":"post","link":"https:\/\/fotosenderismo.com\/wordpress\/index.php\/2018\/10\/30\/caminos-de-tortella-y-sales-de-llierca-el-borro-castell-de-sales-cami-de-meians\/","title":{"rendered":"Caminos de Tortell\u00e0 y Sales de Llierca. El Borr\u00f3, Castell de Sales, Cam\u00ed de Meians"},"content":{"rendered":"\n<p><\/p>\n\n\n\n<figure class=\"wp-block-image aligncenter\"><a href=\"http:\/\/fotosenderismo.com\/wordpress\/wp-content\/uploads\/2018\/10\/TORTELLA-SALES-CASTELL-DATOS.jpg\" target=\"_blank\" rel=\"noopener noreferrer\"><img loading=\"lazy\" decoding=\"async\" width=\"1383\" height=\"1014\" src=\"http:\/\/fotosenderismo.com\/wordpress\/wp-content\/uploads\/2018\/10\/TORTELLA-SALES-CASTELL-DATOS.jpg\" alt=\"\" class=\"wp-image-12485\" srcset=\"https:\/\/fotosenderismo.com\/wordpress\/wp-content\/uploads\/2018\/10\/TORTELLA-SALES-CASTELL-DATOS.jpg 1383w, https:\/\/fotosenderismo.com\/wordpress\/wp-content\/uploads\/2018\/10\/TORTELLA-SALES-CASTELL-DATOS-300x220.jpg 300w, https:\/\/fotosenderismo.com\/wordpress\/wp-content\/uploads\/2018\/10\/TORTELLA-SALES-CASTELL-DATOS-768x563.jpg 768w, https:\/\/fotosenderismo.com\/wordpress\/wp-content\/uploads\/2018\/10\/TORTELLA-SALES-CASTELL-DATOS-1024x751.jpg 1024w, https:\/\/fotosenderismo.com\/wordpress\/wp-content\/uploads\/2018\/10\/TORTELLA-SALES-CASTELL-DATOS-800x587.jpg 800w\" sizes=\"auto, (max-width: 1383px) 100vw, 1383px\" \/><\/a><\/figure>\n\n\n\n<p><\/p>\n\n\n\n<figure class=\"wp-block-image aligncenter size-full\"><a href=\"https:\/\/fotosenderismo.com\/wordpress\/wp-content\/uploads\/2018-10-30-TORTELLA-SALES-CASTELL.gpx\"><img loading=\"lazy\" decoding=\"async\" width=\"400\" height=\"50\" src=\"https:\/\/fotosenderismo.com\/wordpress\/wp-content\/uploads\/2024\/02\/image-2.png\" alt=\"\" class=\"wp-image-23096\" srcset=\"https:\/\/fotosenderismo.com\/wordpress\/wp-content\/uploads\/2024\/02\/image-2.png 400w, https:\/\/fotosenderismo.com\/wordpress\/wp-content\/uploads\/2024\/02\/image-2-300x38.png 300w\" sizes=\"auto, (max-width: 400px) 100vw, 400px\" \/><\/a><\/figure>\n\n\n\n<p><\/p>\n\n\n\n<figure class=\"wp-block-image aligncenter\"><a href=\"https:\/\/ca.wikiloc.com\/rutes-senderisme\/caminos-de-tortella-y-sales-de-llierca-el-borro-castell-de-sales-cami-de-meians-30084536\" target=\"_blank\" rel=\"noopener noreferrer\"><img loading=\"lazy\" decoding=\"async\" width=\"400\" height=\"52\" src=\"http:\/\/fotosenderismo.com\/wordpress\/wp-content\/uploads\/2012\/04\/track-wikiloc.jpg\" alt=\"\" class=\"wp-image-12413\" srcset=\"https:\/\/fotosenderismo.com\/wordpress\/wp-content\/uploads\/2012\/04\/track-wikiloc.jpg 400w, https:\/\/fotosenderismo.com\/wordpress\/wp-content\/uploads\/2012\/04\/track-wikiloc-300x39.jpg 300w\" sizes=\"auto, (max-width: 400px) 100vw, 400px\" \/><\/a><\/figure>\n\n\n\n<p><\/p>\n\n\n\n<p class=\"has-drop-cap has-very-light-gray-background-color has-background\"><strong><span style=\"font-size: 14pt; font-family: georgia, palatino, serif;\">Esta salida substituye otra parecida del 11 de octubre de 2018, que se ha eliminado de la web. El problema de la excursi\u00f3n que se ha borrado era, principalmente, que pasaba por el jard\u00edn de una mas\u00eda. Ahora hemos suprimido este tramo y hemos ampliado y modificado el trayecto. Se sale de Tortell\u00e0 tomando el GR, que se abandona tras un par de kil\u00f3metros para acercarse a Sales de Llierca. Desde este vecindario se sigue el sendero amarillo que desde Sales de Llierca conduce hasta can Bosch y a Lliurona, por el margen occidental de la riera del Borr\u00f3. Despu\u00e9s enlazamos la pista asfaltada para encontrarnos con la trocha que sube al Castell de Sales. Desde el Castell descendemos hacia el norte para encontrar otra pista asfaltada. Sigui\u00e9ndola encontraremos el Cam\u00ed de Meians, que nos conducir\u00e1 hasta un campo de tiro y hasta la cantera de Tortell\u00e0. La bordeamos por el sur hasta encontrar un sendero que acaba en al Pla del Carig. Por \u00e9l topamos con un pista de tierra muy ancha, pero pronto la hemos de abandonar para explorar otros senderos boscosos. Al final llegaremos al Bellpuig y al GR que nos devolver\u00e1 a Tortell\u00e0. En total, aunque pasa por unos tres kil\u00f3metros de pista asfaltada, esta salida tambi\u00e9n visita encantadores y sombr\u00edos senderos.<\/span><\/strong><\/p>\n\n\n\n<p><\/p>\n\n\n\n<figure class=\"wp-block-image aligncenter\"><a href=\"http:\/\/fotosenderismo.com\/wordpress\/wp-content\/uploads\/2018\/10\/TORTELLA-SALES-CASTELL-MAPA.jpg\" target=\"_blank\" rel=\"noopener noreferrer\"><img loading=\"lazy\" decoding=\"async\" width=\"1920\" height=\"1080\" src=\"http:\/\/fotosenderismo.com\/wordpress\/wp-content\/uploads\/2018\/10\/TORTELLA-SALES-CASTELL-MAPA.jpg\" alt=\"\" class=\"wp-image-12489\" srcset=\"https:\/\/fotosenderismo.com\/wordpress\/wp-content\/uploads\/2018\/10\/TORTELLA-SALES-CASTELL-MAPA.jpg 1920w, https:\/\/fotosenderismo.com\/wordpress\/wp-content\/uploads\/2018\/10\/TORTELLA-SALES-CASTELL-MAPA-300x169.jpg 300w, https:\/\/fotosenderismo.com\/wordpress\/wp-content\/uploads\/2018\/10\/TORTELLA-SALES-CASTELL-MAPA-768x432.jpg 768w, https:\/\/fotosenderismo.com\/wordpress\/wp-content\/uploads\/2018\/10\/TORTELLA-SALES-CASTELL-MAPA-1024x576.jpg 1024w, https:\/\/fotosenderismo.com\/wordpress\/wp-content\/uploads\/2018\/10\/TORTELLA-SALES-CASTELL-MAPA-800x450.jpg 800w\" sizes=\"auto, (max-width: 1920px) 100vw, 1920px\" \/><\/a><\/figure>\n\n\n\n<p><\/p>\n\n\n\n<figure class=\"wp-block-image aligncenter\"><a href=\"http:\/\/fotosenderismo.com\/wordpress\/wp-content\/uploads\/2018\/10\/TORTELLA-SALES-CASTELL-EARTH-2.jpg\" target=\"_blank\" rel=\"noopener noreferrer\"><img loading=\"lazy\" decoding=\"async\" width=\"1920\" height=\"971\" src=\"http:\/\/fotosenderismo.com\/wordpress\/wp-content\/uploads\/2018\/10\/TORTELLA-SALES-CASTELL-EARTH-2.jpg\" alt=\"\" class=\"wp-image-12487\" srcset=\"https:\/\/fotosenderismo.com\/wordpress\/wp-content\/uploads\/2018\/10\/TORTELLA-SALES-CASTELL-EARTH-2.jpg 1920w, https:\/\/fotosenderismo.com\/wordpress\/wp-content\/uploads\/2018\/10\/TORTELLA-SALES-CASTELL-EARTH-2-300x152.jpg 300w, https:\/\/fotosenderismo.com\/wordpress\/wp-content\/uploads\/2018\/10\/TORTELLA-SALES-CASTELL-EARTH-2-768x388.jpg 768w, https:\/\/fotosenderismo.com\/wordpress\/wp-content\/uploads\/2018\/10\/TORTELLA-SALES-CASTELL-EARTH-2-1024x518.jpg 1024w, https:\/\/fotosenderismo.com\/wordpress\/wp-content\/uploads\/2018\/10\/TORTELLA-SALES-CASTELL-EARTH-2-800x405.jpg 800w\" sizes=\"auto, (max-width: 1920px) 100vw, 1920px\" \/><\/a><\/figure>\n\n\n\n<p><\/p>\n\n\n\n<figure class=\"wp-block-image aligncenter\"><a href=\"http:\/\/fotosenderismo.com\/wordpress\/wp-content\/uploads\/2018\/10\/TORTELLA-SALES-CASTELL-EARTH-1jpg.jpg\" target=\"_blank\" rel=\"noopener noreferrer\"><img loading=\"lazy\" decoding=\"async\" width=\"1920\" height=\"971\" src=\"http:\/\/fotosenderismo.com\/wordpress\/wp-content\/uploads\/2018\/10\/TORTELLA-SALES-CASTELL-EARTH-1jpg.jpg\" alt=\"\" class=\"wp-image-12486\" srcset=\"https:\/\/fotosenderismo.com\/wordpress\/wp-content\/uploads\/2018\/10\/TORTELLA-SALES-CASTELL-EARTH-1jpg.jpg 1920w, https:\/\/fotosenderismo.com\/wordpress\/wp-content\/uploads\/2018\/10\/TORTELLA-SALES-CASTELL-EARTH-1jpg-300x152.jpg 300w, https:\/\/fotosenderismo.com\/wordpress\/wp-content\/uploads\/2018\/10\/TORTELLA-SALES-CASTELL-EARTH-1jpg-768x388.jpg 768w, https:\/\/fotosenderismo.com\/wordpress\/wp-content\/uploads\/2018\/10\/TORTELLA-SALES-CASTELL-EARTH-1jpg-1024x518.jpg 1024w, https:\/\/fotosenderismo.com\/wordpress\/wp-content\/uploads\/2018\/10\/TORTELLA-SALES-CASTELL-EARTH-1jpg-800x405.jpg 800w\" sizes=\"auto, (max-width: 1920px) 100vw, 1920px\" \/><\/a><\/figure>\n\n\n\n<p><\/p>\n\n\n\n<figure class=\"wp-block-image aligncenter\"><a href=\"http:\/\/fotosenderismo.com\/wordpress\/wp-content\/uploads\/2018\/10\/TORTELLA-SALES-CASTELL-PERFIL.jpg\" target=\"_blank\" rel=\"noopener noreferrer\"><img loading=\"lazy\" decoding=\"async\" width=\"1880\" height=\"475\" src=\"http:\/\/fotosenderismo.com\/wordpress\/wp-content\/uploads\/2018\/10\/TORTELLA-SALES-CASTELL-PERFIL.jpg\" alt=\"\" class=\"wp-image-12490\" srcset=\"https:\/\/fotosenderismo.com\/wordpress\/wp-content\/uploads\/2018\/10\/TORTELLA-SALES-CASTELL-PERFIL.jpg 1880w, https:\/\/fotosenderismo.com\/wordpress\/wp-content\/uploads\/2018\/10\/TORTELLA-SALES-CASTELL-PERFIL-300x76.jpg 300w, https:\/\/fotosenderismo.com\/wordpress\/wp-content\/uploads\/2018\/10\/TORTELLA-SALES-CASTELL-PERFIL-768x194.jpg 768w, https:\/\/fotosenderismo.com\/wordpress\/wp-content\/uploads\/2018\/10\/TORTELLA-SALES-CASTELL-PERFIL-1024x259.jpg 1024w, https:\/\/fotosenderismo.com\/wordpress\/wp-content\/uploads\/2018\/10\/TORTELLA-SALES-CASTELL-PERFIL-800x202.jpg 800w\" sizes=\"auto, (max-width: 1880px) 100vw, 1880px\" \/><\/a><\/figure>\n\n\n\n<p><\/p>\n\n\n\n<figure class=\"wp-block-image aligncenter\"><a href=\"http:\/\/fotosenderismo.com\/wordpress\/wp-content\/uploads\/2018\/10\/TERMINOS-DE-BUSQUEDA-1.jpg\"><img loading=\"lazy\" decoding=\"async\" width=\"260\" height=\"32\" src=\"http:\/\/fotosenderismo.com\/wordpress\/wp-content\/uploads\/2018\/10\/TERMINOS-DE-BUSQUEDA-1.jpg\" alt=\"\" class=\"wp-image-12422\"\/><\/a><\/figure>\n\n\n\n<p><\/p>\n\n\n\n<p class=\"has-text-align-center has-very-light-gray-background-color has-background\"><strong><span style=\"font-family: georgia, palatino, serif; font-size: 14pt;\">Argelaguer, Tortell\u00e0, Sales de Llierca. El Borr\u00f3, Castell de Sales, Cam\u00ed de Meians<\/span><\/strong><\/p>\n\n\n\n<figure class=\"wp-block-image aligncenter\"><a href=\"http:\/\/fotosenderismo.com\/wordpress\/wp-content\/uploads\/2018\/10\/RELACIONADAS-1.jpg\"><img loading=\"lazy\" decoding=\"async\" width=\"261\" height=\"37\" src=\"http:\/\/fotosenderismo.com\/wordpress\/wp-content\/uploads\/2018\/10\/RELACIONADAS-1.jpg\" alt=\"\" class=\"wp-image-12421\"\/><\/a><\/figure>\n\n\n\n<p><\/p>\n\n\n\n<figure class=\"wp-block-embed aligncenter is-type-wp-embed is-provider-fotosenderismo-com wp-block-embed-fotosenderismo-com\"><div class=\"wp-block-embed__wrapper\">\n<blockquote class=\"wp-embedded-content\" data-secret=\"FR1h2ARY93\"><a href=\"https:\/\/fotosenderismo.com\/wordpress\/index.php\/2018\/10\/25\/caminos-de-sales-de-llierca-y-tortella-baumes-den-bicotcan-bosch-y-coma-del-roure\/\">Caminos de Sales de Llierca y Tortell\u00e0: Baumes d\u2019en Bicot, Can Bosch y Coma del Roure<\/a><\/blockquote><iframe loading=\"lazy\" class=\"wp-embedded-content\" sandbox=\"allow-scripts\" security=\"restricted\" style=\"position: absolute; clip: rect(1px, 1px, 1px, 1px);\" title=\"\u00abCaminos de Sales de Llierca y Tortell\u00e0: Baumes d\u2019en Bicot, Can Bosch y Coma del Roure\u00bb \u2014 FOTOSENDERISMO.COM\" src=\"https:\/\/fotosenderismo.com\/wordpress\/index.php\/2018\/10\/25\/caminos-de-sales-de-llierca-y-tortella-baumes-den-bicotcan-bosch-y-coma-del-roure\/embed\/#?secret=vgXsdfnCte#?secret=FR1h2ARY93\" data-secret=\"FR1h2ARY93\" width=\"600\" height=\"338\" frameborder=\"0\" marginwidth=\"0\" marginheight=\"0\" scrolling=\"no\"><\/iframe>\n<\/div><\/figure>\n\n\n\n<figure class=\"wp-block-embed aligncenter is-type-wp-embed is-provider-fotosenderismo-com wp-block-embed-fotosenderismo-com\"><div class=\"wp-block-embed__wrapper\">\n<blockquote class=\"wp-embedded-content\" data-secret=\"UBQIAXnf29\"><a href=\"https:\/\/fotosenderismo.com\/wordpress\/index.php\/2018\/10\/05\/caminos-de-sant-jordi-de-tortella-al-oratorio-de-sant-jordi-version-corta\/\">Caminos de Sant Jordi. De Tortella al oratorio de Sant Jordi. Versi\u00f3n corta<\/a><\/blockquote><iframe loading=\"lazy\" class=\"wp-embedded-content\" sandbox=\"allow-scripts\" security=\"restricted\" style=\"position: absolute; clip: rect(1px, 1px, 1px, 1px);\" title=\"\u00abCaminos de Sant Jordi. De Tortella al oratorio de Sant Jordi. Versi\u00f3n corta\u00bb \u2014 FOTOSENDERISMO.COM\" src=\"https:\/\/fotosenderismo.com\/wordpress\/index.php\/2018\/10\/05\/caminos-de-sant-jordi-de-tortella-al-oratorio-de-sant-jordi-version-corta\/embed\/#?secret=nNKyl7Hftb#?secret=UBQIAXnf29\" data-secret=\"UBQIAXnf29\" width=\"600\" height=\"338\" frameborder=\"0\" marginwidth=\"0\" marginheight=\"0\" scrolling=\"no\"><\/iframe>\n<\/div><\/figure>\n\n\n\n<figure class=\"wp-block-embed aligncenter is-type-wp-embed is-provider-fotosenderismo-com wp-block-embed-fotosenderismo-com\"><div class=\"wp-block-embed__wrapper\">\n<blockquote class=\"wp-embedded-content\" data-secret=\"3E9FuEM9X4\"><a href=\"https:\/\/fotosenderismo.com\/wordpress\/index.php\/2018\/10\/02\/caminos-de-sant-jordi-de-tortella-al-oratorio-de-sant-jordi-pujant-de-la-guilla\/\">Caminos de Sant Jordi. De Tortella al oratorio de Sant Jordi. Pujant de la Guilla<\/a><\/blockquote><iframe loading=\"lazy\" class=\"wp-embedded-content\" sandbox=\"allow-scripts\" security=\"restricted\" style=\"position: absolute; clip: rect(1px, 1px, 1px, 1px);\" title=\"\u00abCaminos de Sant Jordi. De Tortella al oratorio de Sant Jordi. Pujant de la Guilla\u00bb \u2014 FOTOSENDERISMO.COM\" src=\"https:\/\/fotosenderismo.com\/wordpress\/index.php\/2018\/10\/02\/caminos-de-sant-jordi-de-tortella-al-oratorio-de-sant-jordi-pujant-de-la-guilla\/embed\/#?secret=tCISSJUIoz#?secret=3E9FuEM9X4\" data-secret=\"3E9FuEM9X4\" width=\"600\" height=\"338\" frameborder=\"0\" marginwidth=\"0\" marginheight=\"0\" scrolling=\"no\"><\/iframe>\n<\/div><\/figure>\n","protected":false},"excerpt":{"rendered":"<p>Esta salida substituye otra parecida del 11 de octubre de 2018, que se ha eliminado de la web. El problema de la excursi\u00f3n que se ha borrado era, principalmente, que pasaba por el jard\u00edn de una mas\u00eda. Ahora hemos suprimido este tramo y hemos ampliado y modificado el trayecto. Se sale de Tortell\u00e0 tomando el GR, que se abandona tras un par de kil\u00f3metros para acercarse a Sales de Llierca. Desde este vecindario se sigue el sendero amarillo que desde Sales de Llierca conduce hasta can Bosch y a Lliurona, por el margen occidental de la riera del Borr\u00f3. <\/p>\n","protected":false},"author":1,"featured_media":12488,"comment_status":"open","ping_status":"closed","sticky":false,"template":"","format":"standard","meta":{"footnotes":""},"categories":[45,46,49,280,33,42,47,60],"tags":[274,177,223],"class_list":["post-12484","post","type-post","status-publish","format-standard","has-post-thumbnail","hentry","category-garrotxa","category-girona","category-alta-garrotxa","category-202-entre-10-y-15-km","category-menos-de-500","category-senderismo","category-circular-tipo-de-recorrido","category-baja-montana-o-tierras-a-media-altitud","tag-no-fotos","tag-eduard","tag-track-en-wikiloc"],"_links":{"self":[{"href":"https:\/\/fotosenderismo.com\/wordpress\/index.php\/wp-json\/wp\/v2\/posts\/12484","targetHints":{"allow":["GET"]}}],"collection":[{"href":"https:\/\/fotosenderismo.com\/wordpress\/index.php\/wp-json\/wp\/v2\/posts"}],"about":[{"href":"https:\/\/fotosenderismo.com\/wordpress\/index.php\/wp-json\/wp\/v2\/types\/post"}],"author":[{"embeddable":true,"href":"https:\/\/fotosenderismo.com\/wordpress\/index.php\/wp-json\/wp\/v2\/users\/1"}],"replies":[{"embeddable":true,"href":"https:\/\/fotosenderismo.com\/wordpress\/index.php\/wp-json\/wp\/v2\/comments?post=12484"}],"version-history":[{"count":9,"href":"https:\/\/fotosenderismo.com\/wordpress\/index.php\/wp-json\/wp\/v2\/posts\/12484\/revisions"}],"predecessor-version":[{"id":23268,"href":"https:\/\/fotosenderismo.com\/wordpress\/index.php\/wp-json\/wp\/v2\/posts\/12484\/revisions\/23268"}],"wp:featuredmedia":[{"embeddable":true,"href":"https:\/\/fotosenderismo.com\/wordpress\/index.php\/wp-json\/wp\/v2\/media\/12488"}],"wp:attachment":[{"href":"https:\/\/fotosenderismo.com\/wordpress\/index.php\/wp-json\/wp\/v2\/media?parent=12484"}],"wp:term":[{"taxonomy":"category","embeddable":true,"href":"https:\/\/fotosenderismo.com\/wordpress\/index.php\/wp-json\/wp\/v2\/categories?post=12484"},{"taxonomy":"post_tag","embeddable":true,"href":"https:\/\/fotosenderismo.com\/wordpress\/index.php\/wp-json\/wp\/v2\/tags?post=12484"}],"curies":[{"name":"wp","href":"https:\/\/api.w.org\/{rel}","templated":true}]}}