{"id":12143,"date":"2018-09-21T18:00:19","date_gmt":"2018-09-21T18:00:19","guid":{"rendered":"http:\/\/fotosenderismo.com\/wordpress\/?p=12143"},"modified":"2024-02-21T16:50:01","modified_gmt":"2024-02-21T16:50:01","slug":"setcases-pastuira-2354-m","status":"publish","type":"post","link":"https:\/\/fotosenderismo.com\/wordpress\/index.php\/2018\/09\/21\/setcases-pastuira-2354-m\/","title":{"rendered":"Setcases, Pastuira (2354 m)"},"content":{"rendered":"\n<p><\/p>\n\n\n\n<figure class=\"wp-block-image aligncenter\"><a href=\"https:\/\/photos.google.com\/share\/AF1QipP7r5N0kVJcCB8IUEPFv2rMm5VLThq5CHmk_wCQ_YOSS_b_uBkLr0SdW9ttE2ANbg?key=WjFlMUxBV2ZWUkxkMWt3c0FCOU90TnV5RjVBOEVR\" target=\"_blank\" rel=\"noopener noreferrer\"><img loading=\"lazy\" decoding=\"async\" width=\"400\" height=\"53\" src=\"http:\/\/fotosenderismo.com\/wordpress\/wp-content\/uploads\/2018\/08\/visualizar-galeria-fotos.jpg\" alt=\"\" class=\"wp-image-11690\" srcset=\"https:\/\/fotosenderismo.com\/wordpress\/wp-content\/uploads\/2018\/08\/visualizar-galeria-fotos.jpg 400w, https:\/\/fotosenderismo.com\/wordpress\/wp-content\/uploads\/2018\/08\/visualizar-galeria-fotos-300x40.jpg 300w\" sizes=\"auto, (max-width: 400px) 100vw, 400px\" \/><\/a><\/figure>\n\n\n\n<p><\/p>\n\n\n\n<figure class=\"wp-block-image aligncenter\"><a href=\"http:\/\/fotosenderismo.com\/wordpress\/wp-content\/uploads\/2018\/09\/DATOS-CAMPRODON-13.jpg\" target=\"_blank\" rel=\"noopener noreferrer\"><img loading=\"lazy\" decoding=\"async\" width=\"1385\" height=\"971\" src=\"http:\/\/fotosenderismo.com\/wordpress\/wp-content\/uploads\/2018\/09\/DATOS-CAMPRODON-13.jpg\" alt=\"\" class=\"wp-image-14963\" srcset=\"https:\/\/fotosenderismo.com\/wordpress\/wp-content\/uploads\/2018\/09\/DATOS-CAMPRODON-13.jpg 1385w, https:\/\/fotosenderismo.com\/wordpress\/wp-content\/uploads\/2018\/09\/DATOS-CAMPRODON-13-300x210.jpg 300w, https:\/\/fotosenderismo.com\/wordpress\/wp-content\/uploads\/2018\/09\/DATOS-CAMPRODON-13-768x538.jpg 768w, https:\/\/fotosenderismo.com\/wordpress\/wp-content\/uploads\/2018\/09\/DATOS-CAMPRODON-13-1024x718.jpg 1024w, https:\/\/fotosenderismo.com\/wordpress\/wp-content\/uploads\/2018\/09\/DATOS-CAMPRODON-13-800x561.jpg 800w\" sizes=\"auto, (max-width: 1385px) 100vw, 1385px\" \/><\/a><\/figure>\n\n\n\n<p><\/p>\n\n\n\n<figure class=\"wp-block-image aligncenter size-full\"><a href=\"https:\/\/fotosenderismo.com\/wordpress\/wp-content\/uploads\/2018-09-21-SETCASES-PASTIURA.gpx\"><img loading=\"lazy\" decoding=\"async\" width=\"400\" height=\"50\" src=\"https:\/\/fotosenderismo.com\/wordpress\/wp-content\/uploads\/2024\/02\/image-2.png\" alt=\"\" class=\"wp-image-23096\" srcset=\"https:\/\/fotosenderismo.com\/wordpress\/wp-content\/uploads\/2024\/02\/image-2.png 400w, https:\/\/fotosenderismo.com\/wordpress\/wp-content\/uploads\/2024\/02\/image-2-300x38.png 300w\" sizes=\"auto, (max-width: 400px) 100vw, 400px\" \/><\/a><\/figure>\n\n\n\n<p><\/p>\n\n\n\n<figure class=\"wp-block-image aligncenter\"><a href=\"https:\/\/ca.wikiloc.com\/rutes-senderisme\/setcases-pastuira-2354-m-28858307\" target=\"_blank\" rel=\"noopener noreferrer\"><img loading=\"lazy\" decoding=\"async\" width=\"400\" height=\"52\" src=\"http:\/\/fotosenderismo.com\/wordpress\/wp-content\/uploads\/2018\/07\/track-wikiloc.jpg\" alt=\"\" class=\"wp-image-11659\" srcset=\"https:\/\/fotosenderismo.com\/wordpress\/wp-content\/uploads\/2018\/07\/track-wikiloc.jpg 400w, https:\/\/fotosenderismo.com\/wordpress\/wp-content\/uploads\/2018\/07\/track-wikiloc-300x39.jpg 300w\" sizes=\"auto, (max-width: 400px) 100vw, 400px\" \/><\/a><\/figure>\n\n\n\n<p><\/p>\n\n\n\n<p class=\"has-drop-cap has-very-light-gray-background-color has-background\"><strong><span style=\"font-size: 14pt; font-family: georgia, palatino, serif;\">Necesit\u00e1bamos volver a subir al Pic de la Pastuira para rectificar el track de la excursi\u00f3n del 9 agosto de 2018 (la primera de las entradas relacionadas) y cambiar la ruta de ascenso, ya que la original pasaba por un largo tramo de bosque que, aunque era transitable, complicaba de forma desmesurada el recorrido. As\u00ed, hoy hemos grabado la subida desde Setcases hasta el Pastuira, y utilizaremos parte de este track para modificar el recorrido mencionado.<\/span><\/strong><\/p>\n\n\n\n<p class=\"has-very-light-gray-background-color has-background\"><strong><span style=\"font-size: 14pt; font-family: georgia, palatino, serif;\">La presente excursi\u00f3n, sin embargo, puede presentarse de forma separada porque tiene valor por si misma. Se trata de una ascensi\u00f3n colosal y con gran pendiente que en algunos puntos se muestra especialmente dura, principalmente en los \u00faltimos tramos hasta la cumbre. No hemos de olvidar, en este sentido, que sube casi 1200 metros en un ascenso de 6 kms. La vista en la cima es excepcional, primordialmente por la imponente silueta de los Gra de Fajol.<\/span><\/strong><\/p>\n\n\n\n<p class=\"has-very-light-gray-background-color has-background\"><strong><span style=\"font-size: 14pt; font-family: georgia, palatino, serif;\">Por lo que hace a los aspectos t\u00e9cnicos, como he tenido que editar el track en m\u00e1s de un punto a causa de los errores cometidos durante el trabajo de exploraci\u00f3n, y lo he filtrado con Google Earth para eliminar incoherencias.<\/span><\/strong><\/p>\n\n\n\n<p><\/p>\n\n\n\n<figure class=\"wp-block-image aligncenter\"><a href=\"http:\/\/fotosenderismo.com\/wordpress\/wp-content\/uploads\/2018\/09\/SETCASES-PASTIURA-MAPA.jpg\" target=\"_blank\" rel=\"noopener noreferrer\"><img loading=\"lazy\" decoding=\"async\" width=\"1920\" height=\"1080\" src=\"http:\/\/fotosenderismo.com\/wordpress\/wp-content\/uploads\/2018\/09\/SETCASES-PASTIURA-MAPA.jpg\" alt=\"\" class=\"wp-image-12148\" srcset=\"https:\/\/fotosenderismo.com\/wordpress\/wp-content\/uploads\/2018\/09\/SETCASES-PASTIURA-MAPA.jpg 1920w, https:\/\/fotosenderismo.com\/wordpress\/wp-content\/uploads\/2018\/09\/SETCASES-PASTIURA-MAPA-300x169.jpg 300w, https:\/\/fotosenderismo.com\/wordpress\/wp-content\/uploads\/2018\/09\/SETCASES-PASTIURA-MAPA-768x432.jpg 768w, https:\/\/fotosenderismo.com\/wordpress\/wp-content\/uploads\/2018\/09\/SETCASES-PASTIURA-MAPA-1024x576.jpg 1024w, https:\/\/fotosenderismo.com\/wordpress\/wp-content\/uploads\/2018\/09\/SETCASES-PASTIURA-MAPA-800x450.jpg 800w\" sizes=\"auto, (max-width: 1920px) 100vw, 1920px\" \/><\/a><\/figure>\n\n\n\n<p><\/p>\n\n\n\n<figure class=\"wp-block-image aligncenter\"><a href=\"http:\/\/fotosenderismo.com\/wordpress\/wp-content\/uploads\/2018\/09\/SETCASES-PASTIURA-EARTH-2.jpg\" target=\"_blank\" rel=\"noopener noreferrer\"><img loading=\"lazy\" decoding=\"async\" width=\"1920\" height=\"971\" src=\"http:\/\/fotosenderismo.com\/wordpress\/wp-content\/uploads\/2018\/09\/SETCASES-PASTIURA-EARTH-2.jpg\" alt=\"\" class=\"wp-image-12146\" srcset=\"https:\/\/fotosenderismo.com\/wordpress\/wp-content\/uploads\/2018\/09\/SETCASES-PASTIURA-EARTH-2.jpg 1920w, https:\/\/fotosenderismo.com\/wordpress\/wp-content\/uploads\/2018\/09\/SETCASES-PASTIURA-EARTH-2-300x152.jpg 300w, https:\/\/fotosenderismo.com\/wordpress\/wp-content\/uploads\/2018\/09\/SETCASES-PASTIURA-EARTH-2-768x388.jpg 768w, https:\/\/fotosenderismo.com\/wordpress\/wp-content\/uploads\/2018\/09\/SETCASES-PASTIURA-EARTH-2-1024x518.jpg 1024w, https:\/\/fotosenderismo.com\/wordpress\/wp-content\/uploads\/2018\/09\/SETCASES-PASTIURA-EARTH-2-800x405.jpg 800w\" sizes=\"auto, (max-width: 1920px) 100vw, 1920px\" \/><\/a><\/figure>\n\n\n\n<p><\/p>\n\n\n\n<figure class=\"wp-block-image aligncenter\"><a href=\"http:\/\/fotosenderismo.com\/wordpress\/wp-content\/uploads\/2018\/09\/SETCASES-PASTIURA-EARTH-1.jpg\" target=\"_blank\" rel=\"noopener noreferrer\"><img loading=\"lazy\" decoding=\"async\" width=\"1920\" height=\"971\" src=\"http:\/\/fotosenderismo.com\/wordpress\/wp-content\/uploads\/2018\/09\/SETCASES-PASTIURA-EARTH-1.jpg\" alt=\"\" class=\"wp-image-12145\" srcset=\"https:\/\/fotosenderismo.com\/wordpress\/wp-content\/uploads\/2018\/09\/SETCASES-PASTIURA-EARTH-1.jpg 1920w, https:\/\/fotosenderismo.com\/wordpress\/wp-content\/uploads\/2018\/09\/SETCASES-PASTIURA-EARTH-1-300x152.jpg 300w, https:\/\/fotosenderismo.com\/wordpress\/wp-content\/uploads\/2018\/09\/SETCASES-PASTIURA-EARTH-1-768x388.jpg 768w, https:\/\/fotosenderismo.com\/wordpress\/wp-content\/uploads\/2018\/09\/SETCASES-PASTIURA-EARTH-1-1024x518.jpg 1024w, https:\/\/fotosenderismo.com\/wordpress\/wp-content\/uploads\/2018\/09\/SETCASES-PASTIURA-EARTH-1-800x405.jpg 800w\" sizes=\"auto, (max-width: 1920px) 100vw, 1920px\" \/><\/a><\/figure>\n\n\n\n<p><\/p>\n\n\n\n<figure class=\"wp-block-image aligncenter\"><a href=\"http:\/\/fotosenderismo.com\/wordpress\/wp-content\/uploads\/2018\/09\/SETCASES-PASTIURA-PERFIL.jpg\" target=\"_blank\" rel=\"noopener noreferrer\"><img loading=\"lazy\" decoding=\"async\" width=\"1891\" height=\"551\" src=\"http:\/\/fotosenderismo.com\/wordpress\/wp-content\/uploads\/2018\/09\/SETCASES-PASTIURA-PERFIL.jpg\" alt=\"\" class=\"wp-image-12149\" srcset=\"https:\/\/fotosenderismo.com\/wordpress\/wp-content\/uploads\/2018\/09\/SETCASES-PASTIURA-PERFIL.jpg 1891w, https:\/\/fotosenderismo.com\/wordpress\/wp-content\/uploads\/2018\/09\/SETCASES-PASTIURA-PERFIL-300x87.jpg 300w, https:\/\/fotosenderismo.com\/wordpress\/wp-content\/uploads\/2018\/09\/SETCASES-PASTIURA-PERFIL-768x224.jpg 768w, https:\/\/fotosenderismo.com\/wordpress\/wp-content\/uploads\/2018\/09\/SETCASES-PASTIURA-PERFIL-1024x298.jpg 1024w, https:\/\/fotosenderismo.com\/wordpress\/wp-content\/uploads\/2018\/09\/SETCASES-PASTIURA-PERFIL-800x233.jpg 800w\" sizes=\"auto, (max-width: 1891px) 100vw, 1891px\" \/><\/a><\/figure>\n\n\n\n<p><\/p>\n\n\n\n<figure class=\"wp-block-image aligncenter size-large\"><img loading=\"lazy\" decoding=\"async\" width=\"261\" height=\"37\" src=\"https:\/\/fotosenderismo.com\/wordpress\/wp-content\/uploads\/2020\/01\/RELACIONADAS-1.jpg\" alt=\"\" class=\"wp-image-16636\"\/><\/figure>\n\n\n\n<p><\/p>\n\n\n\n<figure class=\"wp-block-embed aligncenter is-type-wp-embed is-provider-fotosenderismo-com wp-block-embed-fotosenderismo-com\"><div class=\"wp-block-embed__wrapper\">\n<blockquote class=\"wp-embedded-content\" data-secret=\"2CqsArjzNv\"><a href=\"https:\/\/fotosenderismo.com\/wordpress\/index.php\/2018\/07\/12\/setcases-agudes-de-camprodon-1975-m\/\">Setcases, Agudes de Camprodon (1975 m.)<\/a><\/blockquote><iframe loading=\"lazy\" class=\"wp-embedded-content\" sandbox=\"allow-scripts\" security=\"restricted\" style=\"position: absolute; clip: rect(1px, 1px, 1px, 1px);\" title=\"\u00abSetcases, Agudes de Camprodon (1975 m.)\u00bb \u2014 FOTOSENDERISMO.COM\" src=\"https:\/\/fotosenderismo.com\/wordpress\/index.php\/2018\/07\/12\/setcases-agudes-de-camprodon-1975-m\/embed\/#?secret=6vF73FnJrf#?secret=2CqsArjzNv\" data-secret=\"2CqsArjzNv\" width=\"600\" height=\"338\" frameborder=\"0\" marginwidth=\"0\" marginheight=\"0\" scrolling=\"no\"><\/iframe>\n<\/div><\/figure>\n\n\n\n<figure class=\"wp-block-embed aligncenter is-type-wp-embed is-provider-fotosenderismo-com wp-block-embed-fotosenderismo-com\"><div class=\"wp-block-embed__wrapper\">\n<blockquote class=\"wp-embedded-content\" data-secret=\"3YK5b7taHa\"><a href=\"https:\/\/fotosenderismo.com\/wordpress\/index.php\/2009\/06\/19\/setcases-costabona-2460-m\/\">Setcases, Vall Llobre, Costabona (2460 m), Cam\u00ed Carboner<\/a><\/blockquote><iframe loading=\"lazy\" class=\"wp-embedded-content\" sandbox=\"allow-scripts\" security=\"restricted\" style=\"position: absolute; clip: rect(1px, 1px, 1px, 1px);\" title=\"\u00abSetcases, Vall Llobre, Costabona (2460 m), Cam\u00ed Carboner\u00bb \u2014 FOTOSENDERISMO.COM\" src=\"https:\/\/fotosenderismo.com\/wordpress\/index.php\/2009\/06\/19\/setcases-costabona-2460-m\/embed\/#?secret=UmRHUdpUdV#?secret=3YK5b7taHa\" data-secret=\"3YK5b7taHa\" width=\"600\" height=\"338\" frameborder=\"0\" marginwidth=\"0\" marginheight=\"0\" scrolling=\"no\"><\/iframe>\n<\/div><\/figure>\n","protected":false},"excerpt":{"rendered":"<p>Necesit\u00e1bamos volver a subir al Pic de la Pastuira para rectificar el track de la excursi\u00f3n del 9 agosto de 2018 (la primera de las entradas relacionadas) y cambiar la ruta de ascenso, ya que la original pasaba por un largo tramo de bosque que, aunque era transitable, complicaba de forma desmesurada el recorrido. As\u00ed, hoy hemos grabado la subida desde Setcases hasta el Pastuira, y utilizaremos parte de este track para modificar el recorrido mencionado.<\/p>\n","protected":false},"author":1,"featured_media":12147,"comment_status":"open","ping_status":"closed","sticky":false,"template":"","format":"standard","meta":{"footnotes":""},"categories":[46,53,54,280,35,42,55,50],"tags":[187,189,98,177,223],"class_list":["post-12143","post","type-post","status-publish","format-standard","has-post-thumbnail","hentry","category-girona","category-ripolles","category-pirineo-de-gerona","category-202-entre-10-y-15-km","category-entre-1000-y-1500-metros","category-senderismo","category-ida-y-vuelta","category-alta-montana","tag-fotos-by-eduard","tag-fotos-by-manuel","tag-98","tag-eduard","tag-track-en-wikiloc"],"_links":{"self":[{"href":"https:\/\/fotosenderismo.com\/wordpress\/index.php\/wp-json\/wp\/v2\/posts\/12143","targetHints":{"allow":["GET"]}}],"collection":[{"href":"https:\/\/fotosenderismo.com\/wordpress\/index.php\/wp-json\/wp\/v2\/posts"}],"about":[{"href":"https:\/\/fotosenderismo.com\/wordpress\/index.php\/wp-json\/wp\/v2\/types\/post"}],"author":[{"embeddable":true,"href":"https:\/\/fotosenderismo.com\/wordpress\/index.php\/wp-json\/wp\/v2\/users\/1"}],"replies":[{"embeddable":true,"href":"https:\/\/fotosenderismo.com\/wordpress\/index.php\/wp-json\/wp\/v2\/comments?post=12143"}],"version-history":[{"count":15,"href":"https:\/\/fotosenderismo.com\/wordpress\/index.php\/wp-json\/wp\/v2\/posts\/12143\/revisions"}],"predecessor-version":[{"id":23298,"href":"https:\/\/fotosenderismo.com\/wordpress\/index.php\/wp-json\/wp\/v2\/posts\/12143\/revisions\/23298"}],"wp:featuredmedia":[{"embeddable":true,"href":"https:\/\/fotosenderismo.com\/wordpress\/index.php\/wp-json\/wp\/v2\/media\/12147"}],"wp:attachment":[{"href":"https:\/\/fotosenderismo.com\/wordpress\/index.php\/wp-json\/wp\/v2\/media?parent=12143"}],"wp:term":[{"taxonomy":"category","embeddable":true,"href":"https:\/\/fotosenderismo.com\/wordpress\/index.php\/wp-json\/wp\/v2\/categories?post=12143"},{"taxonomy":"post_tag","embeddable":true,"href":"https:\/\/fotosenderismo.com\/wordpress\/index.php\/wp-json\/wp\/v2\/tags?post=12143"}],"curies":[{"name":"wp","href":"https:\/\/api.w.org\/{rel}","templated":true}]}}