{"id":12062,"date":"2018-09-20T12:58:24","date_gmt":"2018-09-20T12:58:24","guid":{"rendered":"http:\/\/fotosenderismo.com\/wordpress\/?p=12062"},"modified":"2024-02-21T17:00:38","modified_gmt":"2024-02-21T17:00:38","slug":"les-preses-volca-raco-sant-miquel-del-corb-puig-rodon-xenacs","status":"publish","type":"post","link":"https:\/\/fotosenderismo.com\/wordpress\/index.php\/2018\/09\/20\/les-preses-volca-raco-sant-miquel-del-corb-puig-rodon-xenacs\/","title":{"rendered":"Les Preses, Volc\u00e0 Rac\u00f3, Sant Miquel del Corb,  Puig Rodon, Xenacs"},"content":{"rendered":"\n<p><\/p>\n\n\n\n<figure class=\"wp-block-image aligncenter\"><a href=\"https:\/\/photos.google.com\/share\/AF1QipMpH_wx4BeypedagHDA0sl-CGQBEXSXvSSG3wrigVSPv5K56kEgxXIHHaRrzbF6Mw?key=ZUxLWS1FWHpEWkxBbTBmOGg0SGVIRkpZdGVCejln\" target=\"_blank\" rel=\"noopener noreferrer\"><img loading=\"lazy\" decoding=\"async\" width=\"400\" height=\"53\" src=\"http:\/\/fotosenderismo.com\/wordpress\/wp-content\/uploads\/2018\/07\/visualizar-galeria-fotos.jpg\" alt=\"\" class=\"wp-image-11655\" srcset=\"https:\/\/fotosenderismo.com\/wordpress\/wp-content\/uploads\/2018\/07\/visualizar-galeria-fotos.jpg 400w, https:\/\/fotosenderismo.com\/wordpress\/wp-content\/uploads\/2018\/07\/visualizar-galeria-fotos-300x40.jpg 300w\" sizes=\"auto, (max-width: 400px) 100vw, 400px\" \/><\/a><\/figure>\n\n\n\n<p><\/p>\n\n\n\n<figure class=\"wp-block-image aligncenter\"><a href=\"http:\/\/fotosenderismo.com\/wordpress\/wp-content\/uploads\/2018\/09\/MIQUEL-RODO-datos.jpg\" target=\"_blank\" rel=\"noopener noreferrer\"><img loading=\"lazy\" decoding=\"async\" width=\"1394\" height=\"982\" src=\"http:\/\/fotosenderismo.com\/wordpress\/wp-content\/uploads\/2018\/09\/MIQUEL-RODO-datos.jpg\" alt=\"\" class=\"wp-image-12063\" srcset=\"https:\/\/fotosenderismo.com\/wordpress\/wp-content\/uploads\/2018\/09\/MIQUEL-RODO-datos.jpg 1394w, https:\/\/fotosenderismo.com\/wordpress\/wp-content\/uploads\/2018\/09\/MIQUEL-RODO-datos-300x211.jpg 300w, https:\/\/fotosenderismo.com\/wordpress\/wp-content\/uploads\/2018\/09\/MIQUEL-RODO-datos-768x541.jpg 768w, https:\/\/fotosenderismo.com\/wordpress\/wp-content\/uploads\/2018\/09\/MIQUEL-RODO-datos-1024x721.jpg 1024w, https:\/\/fotosenderismo.com\/wordpress\/wp-content\/uploads\/2018\/09\/MIQUEL-RODO-datos-800x564.jpg 800w\" sizes=\"auto, (max-width: 1394px) 100vw, 1394px\" \/><\/a><\/figure>\n\n\n\n<p><\/p>\n\n\n\n<figure class=\"wp-block-image aligncenter size-full\"><a href=\"https:\/\/fotosenderismo.com\/wordpress\/wp-content\/uploads\/2018-09-20-MIQUEL-CORB-PUIG-RODO-2.gpx\"><img loading=\"lazy\" decoding=\"async\" width=\"400\" height=\"50\" src=\"https:\/\/fotosenderismo.com\/wordpress\/wp-content\/uploads\/2024\/02\/image-2.png\" alt=\"\" class=\"wp-image-23096\" srcset=\"https:\/\/fotosenderismo.com\/wordpress\/wp-content\/uploads\/2024\/02\/image-2.png 400w, https:\/\/fotosenderismo.com\/wordpress\/wp-content\/uploads\/2024\/02\/image-2-300x38.png 300w\" sizes=\"auto, (max-width: 400px) 100vw, 400px\" \/><\/a><\/figure>\n\n\n\n<p><\/p>\n\n\n\n<figure class=\"wp-block-image aligncenter\"><a href=\"https:\/\/ca.wikiloc.com\/rutes-senderisme\/les-preses-volca-raco-sant-miquel-del-corb-puig-rodon-xenacs-28819214\" target=\"_blank\" rel=\"noopener noreferrer\"><img loading=\"lazy\" decoding=\"async\" width=\"400\" height=\"52\" src=\"http:\/\/fotosenderismo.com\/wordpress\/wp-content\/uploads\/2018\/07\/track-wikiloc.jpg\" alt=\"\" class=\"wp-image-11659\" srcset=\"https:\/\/fotosenderismo.com\/wordpress\/wp-content\/uploads\/2018\/07\/track-wikiloc.jpg 400w, https:\/\/fotosenderismo.com\/wordpress\/wp-content\/uploads\/2018\/07\/track-wikiloc-300x39.jpg 300w\" sizes=\"auto, (max-width: 400px) 100vw, 400px\" \/><\/a><\/figure>\n\n\n\n<p><\/p>\n\n\n\n<p class=\"has-drop-cap has-very-light-gray-background-color has-background\"><strong><span style=\"font-size: 14pt; font-family: georgia, palatino, serif;\">Salida de mantenimiento que ha tenido como objetivo primordial explorar el camino que sube desde Sant Miquel del Corb hasta el Puig Rod\u00f3. Hemos empezado en el aparcamiento de la Preses (del Caprabo) y nos hemos acercado hasta el pol\u00edgono industrial para subir por una trocha que llega hasta uno de los caminos marcados en amarillo. Este \u00faltimo solo lo seguimos para volver a la carretera del Corb. Una vez alcanzada e inmediatamente a mano derecha tomamos otro camino que nos llevara a otro sendero amarillo. Por este otro alcanzaremos el Volc\u00e0 Rac\u00f3. Desde all\u00ed subiremos un poco por el sendero de Xenacs, pero casi al principio nos desviamos a la izquierda para seguir otra senda amarilla que nos ha de conducir hasta Sant Miquel. Desde Sant Miquel empezamos a ascender por la vereda que pretend\u00edamos explorar. No tiene grandes dificultades t\u00e9cnicas, pero es muy empinada y en algunos puntos dif\u00edcil de rastrear. La pendiente se va pronunciando a medida que subimos y encontramos cadenas en puntos de cierta dificultad. Al final alcanzamos unas escaleras hechas con troncos y unas varillas de encofrar que nos ayudar\u00e1n a sujetarnos ya casi en lo zona m\u00e1s alta. Despu\u00e9s habremos alcanzado el Puig Rod\u00f3. Por los caminos marcados llegamos a Xenacs, y desde all\u00ed descendemos por el camino cl\u00e1sico que desciende al Volc\u00e0 Rac\u00f3. Desde all\u00ed, sin embargo, tomamos una variante marcada en color verde que nos devolver\u00e1 hasta el pol\u00edgono industrial por un bosque oscuro y h\u00famedo. En su conjunto, el recorrido se convierte en una salida excelente que no desmerece en nada al resto de las excursiones que ofrecemos de la Serra del Corb.<\/span><\/strong><\/p>\n\n\n\n<p><\/p>\n\n\n\n<figure class=\"wp-block-image aligncenter\"><a href=\"http:\/\/fotosenderismo.com\/wordpress\/wp-content\/uploads\/2018\/09\/MIQUEL-RODO-MAPA.jpg\" target=\"_blank\" rel=\"noopener noreferrer\"><img loading=\"lazy\" decoding=\"async\" width=\"1905\" height=\"1770\" src=\"http:\/\/fotosenderismo.com\/wordpress\/wp-content\/uploads\/2018\/09\/MIQUEL-RODO-MAPA.jpg\" alt=\"\" class=\"wp-image-12064\" srcset=\"https:\/\/fotosenderismo.com\/wordpress\/wp-content\/uploads\/2018\/09\/MIQUEL-RODO-MAPA.jpg 1905w, https:\/\/fotosenderismo.com\/wordpress\/wp-content\/uploads\/2018\/09\/MIQUEL-RODO-MAPA-300x279.jpg 300w, https:\/\/fotosenderismo.com\/wordpress\/wp-content\/uploads\/2018\/09\/MIQUEL-RODO-MAPA-768x714.jpg 768w, https:\/\/fotosenderismo.com\/wordpress\/wp-content\/uploads\/2018\/09\/MIQUEL-RODO-MAPA-1024x951.jpg 1024w, https:\/\/fotosenderismo.com\/wordpress\/wp-content\/uploads\/2018\/09\/MIQUEL-RODO-MAPA-800x743.jpg 800w\" sizes=\"auto, (max-width: 1905px) 100vw, 1905px\" \/><\/a><\/figure>\n\n\n\n<p><\/p>\n\n\n\n<figure class=\"wp-block-image aligncenter\"><a href=\"http:\/\/fotosenderismo.com\/wordpress\/wp-content\/uploads\/2018\/09\/PUIG-RODO-EARTH-2.jpg\" target=\"_blank\" rel=\"noopener noreferrer\"><img loading=\"lazy\" decoding=\"async\" width=\"1920\" height=\"971\" src=\"http:\/\/fotosenderismo.com\/wordpress\/wp-content\/uploads\/2018\/09\/PUIG-RODO-EARTH-2.jpg\" alt=\"\" class=\"wp-image-12067\" srcset=\"https:\/\/fotosenderismo.com\/wordpress\/wp-content\/uploads\/2018\/09\/PUIG-RODO-EARTH-2.jpg 1920w, https:\/\/fotosenderismo.com\/wordpress\/wp-content\/uploads\/2018\/09\/PUIG-RODO-EARTH-2-300x152.jpg 300w, https:\/\/fotosenderismo.com\/wordpress\/wp-content\/uploads\/2018\/09\/PUIG-RODO-EARTH-2-768x388.jpg 768w, https:\/\/fotosenderismo.com\/wordpress\/wp-content\/uploads\/2018\/09\/PUIG-RODO-EARTH-2-1024x518.jpg 1024w, https:\/\/fotosenderismo.com\/wordpress\/wp-content\/uploads\/2018\/09\/PUIG-RODO-EARTH-2-800x405.jpg 800w\" sizes=\"auto, (max-width: 1920px) 100vw, 1920px\" \/><\/a><\/figure>\n\n\n\n<p><\/p>\n\n\n\n<figure class=\"wp-block-image aligncenter\"><a href=\"http:\/\/fotosenderismo.com\/wordpress\/wp-content\/uploads\/2018\/09\/PUIG-RODO-EARTH-1.jpg\" target=\"_blank\" rel=\"noopener noreferrer\"><img loading=\"lazy\" decoding=\"async\" width=\"1920\" height=\"971\" src=\"http:\/\/fotosenderismo.com\/wordpress\/wp-content\/uploads\/2018\/09\/PUIG-RODO-EARTH-1.jpg\" alt=\"\" class=\"wp-image-12066\" srcset=\"https:\/\/fotosenderismo.com\/wordpress\/wp-content\/uploads\/2018\/09\/PUIG-RODO-EARTH-1.jpg 1920w, https:\/\/fotosenderismo.com\/wordpress\/wp-content\/uploads\/2018\/09\/PUIG-RODO-EARTH-1-300x152.jpg 300w, https:\/\/fotosenderismo.com\/wordpress\/wp-content\/uploads\/2018\/09\/PUIG-RODO-EARTH-1-768x388.jpg 768w, https:\/\/fotosenderismo.com\/wordpress\/wp-content\/uploads\/2018\/09\/PUIG-RODO-EARTH-1-1024x518.jpg 1024w, https:\/\/fotosenderismo.com\/wordpress\/wp-content\/uploads\/2018\/09\/PUIG-RODO-EARTH-1-800x405.jpg 800w\" sizes=\"auto, (max-width: 1920px) 100vw, 1920px\" \/><\/a><\/figure>\n\n\n\n<p><\/p>\n\n\n\n<figure class=\"wp-block-image aligncenter\"><a href=\"http:\/\/fotosenderismo.com\/wordpress\/wp-content\/uploads\/2018\/09\/MIQUEL-RODO-PERFIL.jpg\" target=\"_blank\" rel=\"noopener noreferrer\"><img loading=\"lazy\" decoding=\"async\" width=\"1894\" height=\"516\" src=\"http:\/\/fotosenderismo.com\/wordpress\/wp-content\/uploads\/2018\/09\/MIQUEL-RODO-PERFIL.jpg\" alt=\"\" class=\"wp-image-12065\" srcset=\"https:\/\/fotosenderismo.com\/wordpress\/wp-content\/uploads\/2018\/09\/MIQUEL-RODO-PERFIL.jpg 1894w, https:\/\/fotosenderismo.com\/wordpress\/wp-content\/uploads\/2018\/09\/MIQUEL-RODO-PERFIL-300x82.jpg 300w, https:\/\/fotosenderismo.com\/wordpress\/wp-content\/uploads\/2018\/09\/MIQUEL-RODO-PERFIL-768x209.jpg 768w, https:\/\/fotosenderismo.com\/wordpress\/wp-content\/uploads\/2018\/09\/MIQUEL-RODO-PERFIL-1024x279.jpg 1024w, https:\/\/fotosenderismo.com\/wordpress\/wp-content\/uploads\/2018\/09\/MIQUEL-RODO-PERFIL-800x218.jpg 800w\" sizes=\"auto, (max-width: 1894px) 100vw, 1894px\" \/><\/a><\/figure>\n\n\n\n<p><\/p>\n\n\n\n<figure class=\"wp-block-image aligncenter\"><a href=\"http:\/\/fotosenderismo.com\/wordpress\/wp-content\/uploads\/2018\/07\/TERMINOS-DE-BUSQUEDA-1.jpg\"><img loading=\"lazy\" decoding=\"async\" width=\"260\" height=\"32\" src=\"http:\/\/fotosenderismo.com\/wordpress\/wp-content\/uploads\/2018\/07\/TERMINOS-DE-BUSQUEDA-1.jpg\" alt=\"\" class=\"wp-image-11668\"\/><\/a><\/figure>\n\n\n\n<p><\/p>\n\n\n\n<p class=\"has-text-align-center has-very-light-gray-background-color has-background\"><strong><span style=\"font-size: 14pt; font-family: georgia, palatino, serif;\">Les Preses, Volc\u00e0 Rac\u00f3, Sant Miquel del Corb, Puig Rodon, Xenacs<\/span><\/strong><\/p>\n\n\n\n<p><\/p>\n\n\n\n<figure class=\"wp-block-image aligncenter\"><a href=\"http:\/\/fotosenderismo.com\/wordpress\/wp-content\/uploads\/2018\/07\/RELACIONADAS-1.jpg\"><img loading=\"lazy\" decoding=\"async\" width=\"261\" height=\"37\" src=\"http:\/\/fotosenderismo.com\/wordpress\/wp-content\/uploads\/2018\/07\/RELACIONADAS-1.jpg\" alt=\"\" class=\"wp-image-11658\"\/><\/a><\/figure>\n\n\n\n<p><strong><span style=\"font-size: 14pt; font-family: georgia, palatino, serif;\"><\/span><\/strong><\/p>\n\n\n\n<p><\/p>\n\n\n\n<figure class=\"wp-block-embed aligncenter is-type-wp-embed is-provider-fotosenderismo-com wp-block-embed-fotosenderismo-com\"><div class=\"wp-block-embed__wrapper\">\n<blockquote class=\"wp-embedded-content\" data-secret=\"jEhtwrhLpY\"><a href=\"https:\/\/fotosenderismo.com\/wordpress\/index.php\/2018\/04\/15\/serra-del-corb-les-preses-coll-de-les-tres-creus-torre-murria-xenacs\/\">Serra del Corb &#8211; Les Preses, Coll de les Tres Creus, Torre de Murri\u00e0, Xenacs<\/a><\/blockquote><iframe loading=\"lazy\" class=\"wp-embedded-content\" sandbox=\"allow-scripts\" security=\"restricted\" style=\"position: absolute; clip: rect(1px, 1px, 1px, 1px);\" title=\"\u00abSerra del Corb &#8211; Les Preses, Coll de les Tres Creus, Torre de Murri\u00e0, Xenacs\u00bb \u2014 FOTOSENDERISMO.COM\" src=\"https:\/\/fotosenderismo.com\/wordpress\/index.php\/2018\/04\/15\/serra-del-corb-les-preses-coll-de-les-tres-creus-torre-murria-xenacs\/embed\/#?secret=qc5pzWgGXM#?secret=jEhtwrhLpY\" data-secret=\"jEhtwrhLpY\" width=\"600\" height=\"338\" frameborder=\"0\" marginwidth=\"0\" marginheight=\"0\" scrolling=\"no\"><\/iframe>\n<\/div><\/figure>\n\n\n\n<figure class=\"wp-block-embed aligncenter is-type-wp-embed is-provider-fotosenderismo-com wp-block-embed-fotosenderismo-com\"><div class=\"wp-block-embed__wrapper\">\n<blockquote class=\"wp-embedded-content\" data-secret=\"YJbwdxj7uz\"><a href=\"https:\/\/fotosenderismo.com\/wordpress\/index.php\/2018\/04\/10\/serra-del-corb-les-preses-xenacs-pic-redon-909-m-marboleny\/\">Serra del Corb. Les Preses, Xenacs, Pic Redon (909 m.), Marboleny<\/a><\/blockquote><iframe loading=\"lazy\" class=\"wp-embedded-content\" sandbox=\"allow-scripts\" security=\"restricted\" style=\"position: absolute; clip: rect(1px, 1px, 1px, 1px);\" title=\"\u00abSerra del Corb. Les Preses, Xenacs, Pic Redon (909 m.), Marboleny\u00bb \u2014 FOTOSENDERISMO.COM\" src=\"https:\/\/fotosenderismo.com\/wordpress\/index.php\/2018\/04\/10\/serra-del-corb-les-preses-xenacs-pic-redon-909-m-marboleny\/embed\/#?secret=eKL0g1ISiX#?secret=YJbwdxj7uz\" data-secret=\"YJbwdxj7uz\" width=\"600\" height=\"338\" frameborder=\"0\" marginwidth=\"0\" marginheight=\"0\" scrolling=\"no\"><\/iframe>\n<\/div><\/figure>\n\n\n\n<figure class=\"wp-block-embed aligncenter is-type-wp-embed is-provider-fotosenderismo-com wp-block-embed-fotosenderismo-com\"><div class=\"wp-block-embed__wrapper\">\n<blockquote class=\"wp-embedded-content\" data-secret=\"UHgMSeJhXB\"><a href=\"https:\/\/fotosenderismo.com\/wordpress\/index.php\/2016\/04\/26\/serra-del-corb-coll-den-bas-sant-iscle-de-colltort-font-pobra-pas-dels-marbolenys-coll-den-bas\/\">Serra del Corb. Coll d&#8217;en Bas, sant Iscle de Colltort, Font Pobra, pas dels Marbolenys, coll d&#8217;en Bas<\/a><\/blockquote><iframe loading=\"lazy\" class=\"wp-embedded-content\" sandbox=\"allow-scripts\" security=\"restricted\" style=\"position: absolute; clip: rect(1px, 1px, 1px, 1px);\" title=\"\u00abSerra del Corb. Coll d&#8217;en Bas, sant Iscle de Colltort, Font Pobra, pas dels Marbolenys, coll d&#8217;en Bas\u00bb \u2014 FOTOSENDERISMO.COM\" src=\"https:\/\/fotosenderismo.com\/wordpress\/index.php\/2016\/04\/26\/serra-del-corb-coll-den-bas-sant-iscle-de-colltort-font-pobra-pas-dels-marbolenys-coll-den-bas\/embed\/#?secret=rvi5LJraGk#?secret=UHgMSeJhXB\" data-secret=\"UHgMSeJhXB\" width=\"600\" height=\"338\" frameborder=\"0\" marginwidth=\"0\" marginheight=\"0\" scrolling=\"no\"><\/iframe>\n<\/div><\/figure>\n","protected":false},"excerpt":{"rendered":"<p>Salida de mantenimiento que ha tenido como objetivo primordial explorar el camino que sube desde Sant Miquel del Corb hasta el Puig Rod\u00f3. Hemos empezado en el aparcamiento de la Preses (del Caprabo) y nos hemos acercado hasta el pol\u00edgono industrial para subir por una trocha que llega hasta uno de los caminos marcados en amarillo. Est\u00e9 \u00faltimo solo lo seguimos para volver a la carretera del Corb. Una vez alcanzada e inmediatamente a mano derecha tomamos otro camino que nos llevara a otro sendero amarillo. Por este otro alcanzaremos el Volc\u00e0 Rac\u00f3. Desde all\u00ed subiremos un poco por el sendero de Xenacs, pero casi al principio nos desviamos a la izquierda para seguir otra senda amarilla que nos ha de conducir hasta Sant Miquel.<\/p>\n","protected":false},"author":1,"featured_media":12068,"comment_status":"open","ping_status":"closed","sticky":false,"template":"","format":"standard","meta":{"footnotes":""},"categories":[45,46,143,288,34,42,47,48],"tags":[187,98,250,177,223],"class_list":["post-12062","post","type-post","status-publish","format-standard","has-post-thumbnail","hentry","category-garrotxa","category-girona","category-1-5-volcanes","category-201-entre-5-y-10-km","category-entre-500-y-1000-metros","category-senderismo","category-circular-tipo-de-recorrido","category-media-montana-o-terrenos-altos","tag-fotos-by-eduard","tag-98","tag-trac-by-carme","tag-eduard","tag-track-en-wikiloc"],"_links":{"self":[{"href":"https:\/\/fotosenderismo.com\/wordpress\/index.php\/wp-json\/wp\/v2\/posts\/12062","targetHints":{"allow":["GET"]}}],"collection":[{"href":"https:\/\/fotosenderismo.com\/wordpress\/index.php\/wp-json\/wp\/v2\/posts"}],"about":[{"href":"https:\/\/fotosenderismo.com\/wordpress\/index.php\/wp-json\/wp\/v2\/types\/post"}],"author":[{"embeddable":true,"href":"https:\/\/fotosenderismo.com\/wordpress\/index.php\/wp-json\/wp\/v2\/users\/1"}],"replies":[{"embeddable":true,"href":"https:\/\/fotosenderismo.com\/wordpress\/index.php\/wp-json\/wp\/v2\/comments?post=12062"}],"version-history":[{"count":14,"href":"https:\/\/fotosenderismo.com\/wordpress\/index.php\/wp-json\/wp\/v2\/posts\/12062\/revisions"}],"predecessor-version":[{"id":23306,"href":"https:\/\/fotosenderismo.com\/wordpress\/index.php\/wp-json\/wp\/v2\/posts\/12062\/revisions\/23306"}],"wp:featuredmedia":[{"embeddable":true,"href":"https:\/\/fotosenderismo.com\/wordpress\/index.php\/wp-json\/wp\/v2\/media\/12068"}],"wp:attachment":[{"href":"https:\/\/fotosenderismo.com\/wordpress\/index.php\/wp-json\/wp\/v2\/media?parent=12062"}],"wp:term":[{"taxonomy":"category","embeddable":true,"href":"https:\/\/fotosenderismo.com\/wordpress\/index.php\/wp-json\/wp\/v2\/categories?post=12062"},{"taxonomy":"post_tag","embeddable":true,"href":"https:\/\/fotosenderismo.com\/wordpress\/index.php\/wp-json\/wp\/v2\/tags?post=12062"}],"curies":[{"name":"wp","href":"https:\/\/api.w.org\/{rel}","templated":true}]}}