{"id":11753,"date":"2018-01-26T16:52:52","date_gmt":"2018-01-26T16:52:52","guid":{"rendered":"http:\/\/fotosenderismo.com\/wordpress\/?p=11753"},"modified":"2024-02-27T17:08:58","modified_gmt":"2024-02-27T17:08:58","slug":"el-renacer-de-un-emblematico-refugio-de-la-garrotxa-teja-a-teja","status":"publish","type":"post","link":"https:\/\/fotosenderismo.com\/wordpress\/index.php\/2018\/01\/26\/el-renacer-de-un-emblematico-refugio-de-la-garrotxa-teja-a-teja\/","title":{"rendered":"El renacer de un emblem\u00e1tico refugio de la Garrotxa, teja a teja"},"content":{"rendered":"\n<p><\/p>\n\n\n<p style=\"text-align: justify;\"><span style=\"text-decoration: underline;\"><strong><span style=\"font-family: georgia, palatino, serif; font-size: 14pt;\">Las obras para recuperar el edificio superan el ecuador cinco a\u00f1os despu\u00e9s del inicio del proyecto impulsado por voluntarios que quieren mantener este patrimonio hist\u00f3rico<\/span><\/strong><\/span><\/p>\n<div class=\"story-leaf-author\" style=\"text-align: justify;\"><span style=\"font-family: georgia, palatino, serif; font-size: 14pt;\">Carla de Puig, <span class=\"story-leaf-author-city\">Barcelona- LA VANGUARDIA<br \/><\/span><\/span><\/div>\n<p style=\"text-align: justify;\"><span style=\"font-family: georgia, palatino, serif; font-size: 14pt;\"><time class=\"story-leaf-datetime\" datetime=\"2018-01-26T09:41:56.000+01:00\" data-timestamp=\"1516956116000\"> 26\/01\/2018 00:05 | Actualizado a 26\/01\/2018 09:41<\/time><\/span><\/p>\n<p style=\"text-align: justify;\"><span style=\"font-family: georgia, palatino, serif; font-size: 14pt;\">La nevada que a finales de noviembre ti\u00f1\u00f3 de blanco parte de la Catalunya interior fue m\u00e1s especial que nunca en un enclave concreto de la Alta Garrotxa: <b>Sant Aniol d\u2019Aguja<\/b>. Los copos de nieve se fueron aposentando en el nuevo tejado que desde hace unas semanas cubre el edificio que se encuentra a pocos pasos de la ermita. Fue recibido como una especie de bautizo entre aquellos que hace unos a\u00f1os decidieron impulsar la <b>recuperaci\u00f3n <\/b>de este <b>emblem\u00e1tico <\/b> <b>refugio <\/b>ante la constataci\u00f3n que el edificio podr\u00eda llegar a desaparecer si no se pon\u00edan manos a la obra. Y fue literalmente as\u00ed, a pico y pala, como naci\u00f3 el proyecto para recuperar el antiguo refugio de Sant Aniol d\u2019Aguja, que este a\u00f1o 2017 acaba de cruzar el ecuador.<\/span><\/p>\n<p style=\"text-align: justify;\"><span style=\"font-family: georgia, palatino, serif; font-size: 14pt;\">Un desprendimiento evidenci\u00f3 en el a\u00f1o 2012 el mal estado de lo que hab\u00eda sido la rector\u00eda del conjunto de Sant Aniol d\u2019Aguja, donde resiste al paso del tiempo la ermita m\u00e1s antigua de la Alta Garrotxa. Sin la cubierta del edificio, aumentaba el peligro de que las paredes cayeran de forma progresiva y quedara en ruina total. El edificio, que entre 1957 y 1982 fue un refugio que acog\u00eda a senderistas y mucho antes haba sido un hostal, llevaba 30 a\u00f1os abandonado y si la voluntad era mantenerlo en pie, era necesario empezar a trabajar. El a\u00f1o siguiente y con la ayuda de un arquitecto se hizo una primera adecuaci\u00f3n, unos trabajos m\u00ednimos para asegurar que las paredes seguir\u00edan en pie. Ser\u00eda el primer paso de unas obras de gran envergadura que han conseguido en unos cinco a\u00f1os <b>recuperar el volumen y estructura <\/b>que la finca ten\u00eda <b>hace 100 a\u00f1os<\/b>.<\/span><\/p>\n<p style=\"text-align: justify;\"><span style=\"text-decoration: underline;\"><strong><span style=\"font-family: georgia, palatino, serif; font-size: 14pt;\">Teja a teja y euro a euro<\/span><\/strong><\/span><\/p>\n<p style=\"text-align: justify;\"><span style=\"font-family: georgia, palatino, serif; font-size: 14pt;\">\u201cEstamos haciendo el camino que toca\u201d, asegura satisfecho Quim Oliver Tarradas Xari presidente de la <a href=\"http:\/\/www.amicsdesantanioldaguja.cat\/\" target=\"_blank\" rel=\"nofollow noopener noreferrer\" data-gtm-element=\"container-child-link\">Associaci\u00f3 d\u2019Amics de Sant Aniol d\u2019Aguja<\/a>. La agrupaci\u00f3n naci\u00f3 de la necesidad que vieron varias asociaciones de hacer frente com\u00fan para \u201cmantener y recuperar este patrimonio\u201d. A d\u00eda de hoy la entidad est\u00e1 formada por el Centre Excursionista de Banyoles, la entidad excursionista Peu Alegre de Sant Lloren\u00e7 de Cerdans y la Associaci\u00f3 Cultural Terra Aspra de Montagut.<\/span><\/p>\n<p style=\"text-align: justify;\"><span style=\"font-family: georgia, palatino, serif; font-size: 14pt;\">Con la rehabilitaci\u00f3n, los impulsores quieren hacer un refugio con<i> cos i \u00e0nima<\/i>. El cuerpo, visto est\u00e1, va tomando cada vez m\u00e1s forma. El alma hay que buscarla en el \u00edmpetu con el que se ha puesto en marcha el proyecto de la mano de decenas de voluntarios que han conseguido subir <b>120 toneladas de material<\/b>. Sacos de arena y cemento, bastidas, tablones y maquinaria de todo tipo se almacenan en una barraca a medio camino, a una hora del refugio. Excursionistas que siguen el camino de Sadernes y pasan por este punto colaboran subiendo, dentro de sus posibilidades, parte de estos enseres. Para subir los aperos m\u00e1s pesados, como las bigas para el tejado, se ha utilizado de forma puntual un helic\u00f3ptero.<\/span><\/p>\n<p style=\"text-align: justify;\"><span style=\"font-family: georgia, palatino, serif; font-size: 14pt;\">Adem\u00e1s, para dar un empuj\u00f3n al traslado de todo el material, tambi\u00e9n se han organizado diadas maratonianas bautizadas como jornadas de <i>helicoptering<\/i>, despu\u00e9s de que en uno de los primeros d\u00edas de trabajo uno de estos estuviera ininterrumpidamente sobrevolando la zona. Sin ir m\u00e1s lejos, el<a href=\"http:\/\/www.amicsdesantanioldaguja.cat\/activitats\/properes-activitats\/\" target=\"_blank\" rel=\"nofollow noopener noreferrer\" data-gtm-element=\"container-child-link\"> pr\u00f3ximo s\u00e1bado 27 de enero <\/a>se ha convocado el primer d\u00eda de trabajo de este 2018 para empezar a preparar la pr\u00f3xima fase de obras.<\/span><\/p>\n<p style=\"text-align: justify;\"><span style=\"font-family: georgia, palatino, serif; font-size: 14pt;\">\u201cEs una comuni\u00f3n de la relaci\u00f3n entre las <b>administraciones <\/b>y los <b>voluntarios<\/b>, que tiran del carro\u201d, asegura. Quim Oliver explica que a d\u00eda de hoy se ha superado el<b> ecuador de las obras <\/b>en las que se han invertido unos 350.000 euros financiados por la Diputaci\u00f3 de Girona, la Casa Catalana de Perpiny\u00e0, la Generalitat y la Obra Social de la Caixa. Tambi\u00e9n administraciones locales como Ayuntamientos de la zona, el Consell Comarcal de la Garrotxa y el Consorci de l\u2019Alta Garrotxa, ente que aseguraba en conversaci\u00f3n con este diario la importancia de conservar un conjunto arquitect\u00f3nico e hist\u00f3rico emblem\u00e1tico como este.<\/span><\/p>\n<p style=\"text-align: justify;\"><span style=\"font-family: georgia, palatino, serif; font-size: 14pt;\"><b>Empresas <\/b>y<b> particulares <\/b>tambi\u00e9n han contribuido en la financiaci\u00f3n para reformar el refugio a partir de partidas m\u00e1s peque\u00f1as. \u201cEs la fuerza popular. La gente cree en el proyecto\u201d, apuntaba Quim Oliver que explica, por ejemplo el programa de apadrinamiento de tejas. En total se han costeado 700 a partir de aportaciones de 5 euros, que se han decorado al gusto de cada padrino y que ahora forman parte del tejado del edificio. Tambi\u00e9n se han hecho caminatas y conciertos para recaudar fondos. Cada euro cuenta.<\/span><\/p>\n<p style=\"text-align: justify;\"><span style=\"font-family: georgia, palatino, serif; font-size: 14pt;\">\u201cSi seguimos el ritmo actual en unos tres o cuatro a\u00f1os el refugio podr\u00eda estar acabado\u201d, explica Quim que reconoce que \u201chay que ser prudentes\u201d y que no esconde el deseo que durante estas pr\u00f3ximas etapas no falle ninguna pieza del engranaje. Durante las pr\u00f3ximas fases se deber\u00e1<b> dotar el edificio de servicios<\/b>. Conseguir agua no va a ser dif\u00edcil porque es un recurso abundante en la zona. La luz se conseguir\u00e1 a trav\u00e9s de un doble sistema: por una parte una turbina en el r\u00edo que aprovechar\u00e1 la fuerza del agua; y por otra, un sistema de placas solares. Y, finalmente, el saneamiento se har\u00e1 a partir de la instalaci\u00f3n de un sistema de tratamiento que decantar\u00e1 las aguas. Los c\u00e1lculos es que todo esto requiera una<b> inversi\u00f3n de entre 250.000 y 300.000 euros<\/b>.<\/span><\/p>\n<div class=\"story-leaf-despiece\">\n<div class=\"story-leaf-despiece-title\">\n<p style=\"text-align: justify;\"><strong><span style=\"text-decoration: underline;\"><span style=\"font-family: georgia, palatino, serif; font-size: 14pt;\">Valle de acogida<\/span><\/span><\/strong><\/p>\n<p style=\"text-align: justify;\"><span style=\"font-family: georgia, palatino, serif; font-size: 14pt;\">\u201cLa presencia estable de personas en el refugio supondr\u00e1 un beneficio porque habr\u00e1 m\u00e1s control\u201d, sostienen fuentes del Consorci de l\u2019Alta Garrotxa. El ente, que vela por la conservaci\u00f3n de la zona y regula cada verano el acceso motorizado al valle, apunta que las principales incidencias que se encuentran en verano son la acampada en zonas no permitidas, peque\u00f1os fuegos y acumulaci\u00f3n de basuras. Apuntan que la existencia del refugio no tiene porque suponer un aumento de la masificaci\u00f3n, sino que permitir\u00e1 ofrecer \u201cservicios de m\u00e1s calidad\u201d.<\/span><\/p>\n<p style=\"text-align: justify;\"><span style=\"font-family: georgia, palatino, serif; font-size: 14pt;\">Durante todo el a\u00f1o es una zona muy visitada por senderistas que siguen el m\u00edtico GR-11, el sendero de gran recorrido que cruza todos los Pirineos, que se identifica por unas marca rojas y blancas y pasa por la ermita. En verano el valle es muy frecuentado por la atracci\u00f3n de las pozas. Uno de los caminos para llegar hasta la ermita sale de Sadernes y serpentea el Llierca primero y la riera de Sant Aniol despu\u00e9s, entre escarpados macizos. El escritor Mari\u00e0 Vayreda los describ\u00eda como \u201crunas de un anfiteatro colosal\u201d que en alg\u00fan momento incluso parec\u00eda que ten\u00edan que caerle encima. Lo narraba as\u00ed en la novela referente del realismo literario<i> La Punyalada<\/i>, publicada a principios de 1900 y que tomaba este valle como escenario. De hecho, el punto de partida de esta obra es el Aplec dels Francesos, una cita hist\u00f3rica que se celebra cada mes de junio desde hace a\u00f1os. Porque hasta este enclave tambi\u00e9n se puede llegar por la parte francesa, convirtiendo as\u00ed Sant Aniol d\u2019Aguja en un punto interfronterero. En los a\u00f1os 70 y 80 familias que todav\u00eda viv\u00edan a caballo de la l\u00ednea fronteriza aprovechaban la cita para reencontrarse.<\/span><\/p>\n<div style=\"text-align: justify;\"><span style=\"font-family: georgia, palatino, serif; font-size: 14pt;\">Sea el origen que sea, aquellos que recalen en Sant Aniol d\u2019Aguja, van a encontrarse por una parte, un refugio cerrado con los servicios habituales en estos albergues como una media pensi\u00f3n y, por otra, una zona reservada a ser refugio libre. \u201cLa idea es que el espacio sea popular, que todo el mundo se sienta a gusto\u201d, sostiene Quim Oliver que s\u00ed que augura un aumento de visitantes y que apunta al hecho que el espacio tambi\u00e9n se convierta en un centro de interpretaci\u00f3n y educaci\u00f3n. \u201cHace 300 a\u00f1os se construy\u00f3 como casa de caridad en un momento en el que el valle estaba lleno de gente. Esta esencia de acogida continuar\u00e1\u201d, concluye. <\/span><\/div>\n<\/div>\n<\/div>","protected":false},"excerpt":{"rendered":"<p>La nevada que a finales de noviembre ti\u00f1\u00f3 de blanco parte de la Catalunya interior fue m\u00e1s especial que nunca en un enclave concreto de la Alta Garrotxa: Sant Aniol d\u2019Aguja. Los copos de nieve se fueron aposentando en el nuevo tejado que desde hace unas semanas cubre el edificio que se encuentra a pocos pasos de la ermita. Fue recibido como una especie de bautizo entre aquellos que hace unos a\u00f1os decidieron impulsar la recuperaci\u00f3n de este emblem\u00e1tico refugio ante la constataci\u00f3n que el edificio podr\u00eda llegar a desaparecer si no se pon\u00edan manos a la obra. Y fue literalmente as\u00ed, a pico y pala, como naci\u00f3 el proyecto para recuperar el antiguo refugio de Sant Aniol d\u2019Aguja, que este a\u00f1o 2017 acaba de cruzar el ecuador.<\/p>\n","protected":false},"author":1,"featured_media":11754,"comment_status":"closed","ping_status":"closed","sticky":false,"template":"","format":"standard","meta":{"footnotes":""},"categories":[1,341],"tags":[114],"class_list":["post-11753","post","type-post","status-publish","format-standard","has-post-thumbnail","hentry","category-1","category-prensa","tag-7-0-prensa"],"_links":{"self":[{"href":"https:\/\/fotosenderismo.com\/wordpress\/index.php\/wp-json\/wp\/v2\/posts\/11753","targetHints":{"allow":["GET"]}}],"collection":[{"href":"https:\/\/fotosenderismo.com\/wordpress\/index.php\/wp-json\/wp\/v2\/posts"}],"about":[{"href":"https:\/\/fotosenderismo.com\/wordpress\/index.php\/wp-json\/wp\/v2\/types\/post"}],"author":[{"embeddable":true,"href":"https:\/\/fotosenderismo.com\/wordpress\/index.php\/wp-json\/wp\/v2\/users\/1"}],"replies":[{"embeddable":true,"href":"https:\/\/fotosenderismo.com\/wordpress\/index.php\/wp-json\/wp\/v2\/comments?post=11753"}],"version-history":[{"count":7,"href":"https:\/\/fotosenderismo.com\/wordpress\/index.php\/wp-json\/wp\/v2\/posts\/11753\/revisions"}],"predecessor-version":[{"id":23475,"href":"https:\/\/fotosenderismo.com\/wordpress\/index.php\/wp-json\/wp\/v2\/posts\/11753\/revisions\/23475"}],"wp:featuredmedia":[{"embeddable":true,"href":"https:\/\/fotosenderismo.com\/wordpress\/index.php\/wp-json\/wp\/v2\/media\/11754"}],"wp:attachment":[{"href":"https:\/\/fotosenderismo.com\/wordpress\/index.php\/wp-json\/wp\/v2\/media?parent=11753"}],"wp:term":[{"taxonomy":"category","embeddable":true,"href":"https:\/\/fotosenderismo.com\/wordpress\/index.php\/wp-json\/wp\/v2\/categories?post=11753"},{"taxonomy":"post_tag","embeddable":true,"href":"https:\/\/fotosenderismo.com\/wordpress\/index.php\/wp-json\/wp\/v2\/tags?post=11753"}],"curies":[{"name":"wp","href":"https:\/\/api.w.org\/{rel}","templated":true}]}}