{"id":11709,"date":"2018-08-16T15:55:52","date_gmt":"2018-08-16T15:55:52","guid":{"rendered":"http:\/\/fotosenderismo.com\/wordpress\/?p=11709"},"modified":"2024-02-21T17:19:32","modified_gmt":"2024-02-21T17:19:32","slug":"vallfogona-de-ripolles-puig-de-lobiol-1542-m-puig-de-milany-1529-m","status":"publish","type":"post","link":"https:\/\/fotosenderismo.com\/wordpress\/index.php\/2018\/08\/16\/vallfogona-de-ripolles-puig-de-lobiol-1542-m-puig-de-milany-1529-m\/","title":{"rendered":"Vallfogona de Ripoll\u00e9s, Puig de l\u2019Obiol (1542 m.), Puig de Milany (1529 m.)"},"content":{"rendered":"\n<p><\/p>\n\n\n\n<figure class=\"wp-block-image aligncenter\"><a href=\"https:\/\/photos.google.com\/share\/AF1QipO-i8lfgk9WagvD8EI6nBLfKCj1mv_oMV84K4OVYr0DkKtX6JVs7NocqTDYJkYEYA?key=N1NiOVlkbl9uSGlPeElCRkZfUjZvQ001bThvRmdR\" target=\"_blank\" rel=\"noopener noreferrer\"><img loading=\"lazy\" decoding=\"async\" width=\"400\" height=\"53\" src=\"http:\/\/fotosenderismo.com\/wordpress\/wp-content\/uploads\/2018\/08\/visualizar-galeria-fotos.jpg\" alt=\"\" class=\"wp-image-11690\" srcset=\"https:\/\/fotosenderismo.com\/wordpress\/wp-content\/uploads\/2018\/08\/visualizar-galeria-fotos.jpg 400w, https:\/\/fotosenderismo.com\/wordpress\/wp-content\/uploads\/2018\/08\/visualizar-galeria-fotos-300x40.jpg 300w\" sizes=\"auto, (max-width: 400px) 100vw, 400px\" \/><\/a><\/figure>\n\n\n\n<p><\/p>\n\n\n\n<figure class=\"wp-block-image aligncenter\"><a href=\"http:\/\/fotosenderismo.com\/wordpress\/wp-content\/uploads\/2018\/08\/VALLFOGONA-OBIOLS-MILANY-DATOS.jpg\" target=\"_blank\" rel=\"noopener noreferrer\"><img loading=\"lazy\" decoding=\"async\" width=\"1391\" height=\"943\" src=\"http:\/\/fotosenderismo.com\/wordpress\/wp-content\/uploads\/2018\/08\/VALLFOGONA-OBIOLS-MILANY-DATOS.jpg\" alt=\"\" class=\"wp-image-11710\" srcset=\"https:\/\/fotosenderismo.com\/wordpress\/wp-content\/uploads\/2018\/08\/VALLFOGONA-OBIOLS-MILANY-DATOS.jpg 1391w, https:\/\/fotosenderismo.com\/wordpress\/wp-content\/uploads\/2018\/08\/VALLFOGONA-OBIOLS-MILANY-DATOS-300x203.jpg 300w, https:\/\/fotosenderismo.com\/wordpress\/wp-content\/uploads\/2018\/08\/VALLFOGONA-OBIOLS-MILANY-DATOS-768x521.jpg 768w, https:\/\/fotosenderismo.com\/wordpress\/wp-content\/uploads\/2018\/08\/VALLFOGONA-OBIOLS-MILANY-DATOS-1024x694.jpg 1024w, https:\/\/fotosenderismo.com\/wordpress\/wp-content\/uploads\/2018\/08\/VALLFOGONA-OBIOLS-MILANY-DATOS-800x542.jpg 800w\" sizes=\"auto, (max-width: 1391px) 100vw, 1391px\" \/><\/a><\/figure>\n\n\n\n<p><\/p>\n\n\n\n<figure class=\"wp-block-image aligncenter size-full\"><a href=\"https:\/\/fotosenderismo.com\/wordpress\/wp-content\/uploads\/2018-08-16-OBIOLS-MILANY-VALLFOGONA.kml\"><img loading=\"lazy\" decoding=\"async\" width=\"400\" height=\"50\" src=\"https:\/\/fotosenderismo.com\/wordpress\/wp-content\/uploads\/2024\/02\/image-2.png\" alt=\"\" class=\"wp-image-23096\" srcset=\"https:\/\/fotosenderismo.com\/wordpress\/wp-content\/uploads\/2024\/02\/image-2.png 400w, https:\/\/fotosenderismo.com\/wordpress\/wp-content\/uploads\/2024\/02\/image-2-300x38.png 300w\" sizes=\"auto, (max-width: 400px) 100vw, 400px\" \/><\/a><\/figure>\n\n\n\n<p><\/p>\n\n\n\n<figure class=\"wp-block-image aligncenter\"><a href=\"https:\/\/ca.wikiloc.com\/rutes-senderisme\/vallfogona-de-ripolles-puig-de-lobiol-1542-m-puig-de-milany-1529-m-27646289\" target=\"_blank\" rel=\"noopener noreferrer\"><img loading=\"lazy\" decoding=\"async\" width=\"400\" height=\"52\" src=\"http:\/\/fotosenderismo.com\/wordpress\/wp-content\/uploads\/2018\/07\/track-wikiloc.jpg\" alt=\"\" class=\"wp-image-11659\" srcset=\"https:\/\/fotosenderismo.com\/wordpress\/wp-content\/uploads\/2018\/07\/track-wikiloc.jpg 400w, https:\/\/fotosenderismo.com\/wordpress\/wp-content\/uploads\/2018\/07\/track-wikiloc-300x39.jpg 300w\" sizes=\"auto, (max-width: 400px) 100vw, 400px\" \/><\/a><\/figure>\n\n\n\n<p><\/p>\n\n\n\n<p class=\"has-drop-cap has-very-light-gray-background-color has-background\"><span style=\"font-family: georgia, palatino, serif;\"><strong><span style=\"font-size: 14pt;\">Nuevo ascenso a la Sierra de Milany desde Vallfogona de Ripoll\u00e9s. Hemos ido a buscar un nuevo camino, hemos visitado nuevas zonas de bosque y tambi\u00e9n nos hemos encontrado con nuevas formaciones calc\u00e1reas esculpidas por saltos de agua. El track ha sido elaborado siguiendo marcas moradas y rojas hasta enlazar, en Els Plans de la Ginebra, con otro track que ten\u00edamos guardado de otra salida, la primera que hemos destacado en las entradas relacionadas. En alg\u00fan punto, durante el ascenso, hemos tenido alguna dificultad para seguir la pista al camino, pero tampoco nos hemos encontrado con problemas destacables. S\u00f3lo hemos de tener en cuenta que es mejor que no vayamos solos en esta salida porque tenemos que cruzar la mas\u00eda de la Llastanosa, ya que en ella hay perros de dimensiones considerables. Afortunadamente los m\u00e1s agresivos estaban atados, pero otros no, y ello a pesar de que se trata de un recorrido marcado. Una vez alcanzada la parte alta de la sierra, nos dejaremos arrastrar por las marcas blancas y amarillas para alcanzar el puig d\u2019Obiol y el Castillo de Milany, con su excelente mirador. Alcanzado el castillo volvemos un poco sobre nuestros pasos para encontrar el GR3, que nos devolver\u00e1 a Vallfogona por magn\u00edficas zonas de bosque, por la pista forestal, y luego campo a trav\u00e9s hasta el puente medieval de la Riera de Vallfogona.<\/span><\/strong><\/span><\/p>\n\n\n\n<p><\/p>\n\n\n\n<figure class=\"wp-block-image aligncenter\"><a href=\"http:\/\/fotosenderismo.com\/wordpress\/wp-content\/uploads\/2018\/08\/VALLFOGONA-OBIOLS-MILANY-MAPA.jpg\" target=\"_blank\" rel=\"noopener noreferrer\"><img loading=\"lazy\" decoding=\"async\" width=\"1896\" height=\"1868\" src=\"http:\/\/fotosenderismo.com\/wordpress\/wp-content\/uploads\/2018\/08\/VALLFOGONA-OBIOLS-MILANY-MAPA.jpg\" alt=\"\" class=\"wp-image-11714\" srcset=\"https:\/\/fotosenderismo.com\/wordpress\/wp-content\/uploads\/2018\/08\/VALLFOGONA-OBIOLS-MILANY-MAPA.jpg 1896w, https:\/\/fotosenderismo.com\/wordpress\/wp-content\/uploads\/2018\/08\/VALLFOGONA-OBIOLS-MILANY-MAPA-300x296.jpg 300w, https:\/\/fotosenderismo.com\/wordpress\/wp-content\/uploads\/2018\/08\/VALLFOGONA-OBIOLS-MILANY-MAPA-768x757.jpg 768w, https:\/\/fotosenderismo.com\/wordpress\/wp-content\/uploads\/2018\/08\/VALLFOGONA-OBIOLS-MILANY-MAPA-1024x1009.jpg 1024w, https:\/\/fotosenderismo.com\/wordpress\/wp-content\/uploads\/2018\/08\/VALLFOGONA-OBIOLS-MILANY-MAPA-800x788.jpg 800w, https:\/\/fotosenderismo.com\/wordpress\/wp-content\/uploads\/2018\/08\/VALLFOGONA-OBIOLS-MILANY-MAPA-45x45.jpg 45w\" sizes=\"auto, (max-width: 1896px) 100vw, 1896px\" \/><\/a><\/figure>\n\n\n\n<p><\/p>\n\n\n\n<figure class=\"wp-block-image aligncenter\"><a href=\"http:\/\/fotosenderismo.com\/wordpress\/wp-content\/uploads\/2018\/08\/VALLFOGONA-OBIOLS-MILANY-EARTH.jpg\" target=\"_blank\" rel=\"noopener noreferrer\"><img loading=\"lazy\" decoding=\"async\" width=\"1920\" height=\"971\" src=\"http:\/\/fotosenderismo.com\/wordpress\/wp-content\/uploads\/2018\/08\/VALLFOGONA-OBIOLS-MILANY-EARTH.jpg\" alt=\"\" class=\"wp-image-11711\" srcset=\"https:\/\/fotosenderismo.com\/wordpress\/wp-content\/uploads\/2018\/08\/VALLFOGONA-OBIOLS-MILANY-EARTH.jpg 1920w, https:\/\/fotosenderismo.com\/wordpress\/wp-content\/uploads\/2018\/08\/VALLFOGONA-OBIOLS-MILANY-EARTH-300x152.jpg 300w, https:\/\/fotosenderismo.com\/wordpress\/wp-content\/uploads\/2018\/08\/VALLFOGONA-OBIOLS-MILANY-EARTH-768x388.jpg 768w, https:\/\/fotosenderismo.com\/wordpress\/wp-content\/uploads\/2018\/08\/VALLFOGONA-OBIOLS-MILANY-EARTH-1024x518.jpg 1024w, https:\/\/fotosenderismo.com\/wordpress\/wp-content\/uploads\/2018\/08\/VALLFOGONA-OBIOLS-MILANY-EARTH-800x405.jpg 800w\" sizes=\"auto, (max-width: 1920px) 100vw, 1920px\" \/><\/a><\/figure>\n\n\n\n<p><\/p>\n\n\n\n<figure class=\"wp-block-image aligncenter\"><a href=\"http:\/\/fotosenderismo.com\/wordpress\/wp-content\/uploads\/2018\/08\/VALLFOGONA-OBIOLS-MILANY-EARTH-1.jpg\" target=\"_blank\" rel=\"noopener noreferrer\"><img loading=\"lazy\" decoding=\"async\" width=\"1920\" height=\"971\" src=\"http:\/\/fotosenderismo.com\/wordpress\/wp-content\/uploads\/2018\/08\/VALLFOGONA-OBIOLS-MILANY-EARTH-1.jpg\" alt=\"\" class=\"wp-image-11712\" srcset=\"https:\/\/fotosenderismo.com\/wordpress\/wp-content\/uploads\/2018\/08\/VALLFOGONA-OBIOLS-MILANY-EARTH-1.jpg 1920w, https:\/\/fotosenderismo.com\/wordpress\/wp-content\/uploads\/2018\/08\/VALLFOGONA-OBIOLS-MILANY-EARTH-1-300x152.jpg 300w, https:\/\/fotosenderismo.com\/wordpress\/wp-content\/uploads\/2018\/08\/VALLFOGONA-OBIOLS-MILANY-EARTH-1-768x388.jpg 768w, https:\/\/fotosenderismo.com\/wordpress\/wp-content\/uploads\/2018\/08\/VALLFOGONA-OBIOLS-MILANY-EARTH-1-1024x518.jpg 1024w, https:\/\/fotosenderismo.com\/wordpress\/wp-content\/uploads\/2018\/08\/VALLFOGONA-OBIOLS-MILANY-EARTH-1-800x405.jpg 800w\" sizes=\"auto, (max-width: 1920px) 100vw, 1920px\" \/><\/a><\/figure>\n\n\n\n<p><\/p>\n\n\n\n<figure class=\"wp-block-image aligncenter\"><a href=\"http:\/\/fotosenderismo.com\/wordpress\/wp-content\/uploads\/2018\/08\/VALLFOGONA-OBIOLS-MILANY-PERFIL.jpg\" target=\"_blank\" rel=\"noopener noreferrer\"><img loading=\"lazy\" decoding=\"async\" width=\"1891\" height=\"568\" src=\"http:\/\/fotosenderismo.com\/wordpress\/wp-content\/uploads\/2018\/08\/VALLFOGONA-OBIOLS-MILANY-PERFIL.jpg\" alt=\"\" class=\"wp-image-11715\" srcset=\"https:\/\/fotosenderismo.com\/wordpress\/wp-content\/uploads\/2018\/08\/VALLFOGONA-OBIOLS-MILANY-PERFIL.jpg 1891w, https:\/\/fotosenderismo.com\/wordpress\/wp-content\/uploads\/2018\/08\/VALLFOGONA-OBIOLS-MILANY-PERFIL-300x90.jpg 300w, https:\/\/fotosenderismo.com\/wordpress\/wp-content\/uploads\/2018\/08\/VALLFOGONA-OBIOLS-MILANY-PERFIL-768x231.jpg 768w, https:\/\/fotosenderismo.com\/wordpress\/wp-content\/uploads\/2018\/08\/VALLFOGONA-OBIOLS-MILANY-PERFIL-1024x308.jpg 1024w, https:\/\/fotosenderismo.com\/wordpress\/wp-content\/uploads\/2018\/08\/VALLFOGONA-OBIOLS-MILANY-PERFIL-800x240.jpg 800w\" sizes=\"auto, (max-width: 1891px) 100vw, 1891px\" \/><\/a><\/figure>\n\n\n\n<p><\/p>\n\n\n\n<figure class=\"wp-block-image aligncenter\"><a href=\"http:\/\/fotosenderismo.com\/wordpress\/wp-content\/uploads\/2018\/07\/TERMINOS-DE-BUSQUEDA-1.jpg\"><img loading=\"lazy\" decoding=\"async\" width=\"260\" height=\"32\" src=\"http:\/\/fotosenderismo.com\/wordpress\/wp-content\/uploads\/2018\/07\/TERMINOS-DE-BUSQUEDA-1.jpg\" alt=\"\" class=\"wp-image-11668\"\/><\/a><\/figure>\n\n\n\n<p><\/p>\n\n\n\n<p class=\"has-text-align-center has-very-light-gray-background-color has-background\"><strong><span style=\"font-size: 14pt; font-family: georgia, palatino, serif;\">Vallfogona de Ripoll\u00e9s, Puig de l\u2019Obiol (1542 m.), Puig de Milany (1529 m.)<\/span><\/strong><\/p>\n\n\n\n<p><\/p>\n\n\n\n<figure class=\"wp-block-image aligncenter\"><a href=\"http:\/\/fotosenderismo.com\/wordpress\/wp-content\/uploads\/2018\/07\/participantes.jpg\"><img loading=\"lazy\" decoding=\"async\" width=\"166\" height=\"29\" src=\"http:\/\/fotosenderismo.com\/wordpress\/wp-content\/uploads\/2018\/07\/participantes.jpg\" alt=\"\" class=\"wp-image-11657\"\/><\/a><\/figure>\n\n\n\n<p><\/p>\n\n\n\n<p class=\"has-text-align-center has-very-light-gray-background-color has-background\"><span style=\"font-family: georgia, palatino, serif;\"><span style=\"font-size: 14pt;\"><strong>Manuel y Eduard<\/strong><\/span><\/span><\/p>\n\n\n\n<p><\/p>\n\n\n\n<figure class=\"wp-block-image aligncenter\"><a href=\"http:\/\/fotosenderismo.com\/wordpress\/wp-content\/uploads\/2018\/07\/RELACIONADAS-1.jpg\"><img loading=\"lazy\" decoding=\"async\" width=\"261\" height=\"37\" src=\"http:\/\/fotosenderismo.com\/wordpress\/wp-content\/uploads\/2018\/07\/RELACIONADAS-1.jpg\" alt=\"\" class=\"wp-image-11658\"\/><\/a><\/figure>\n\n\n\n<p><\/p>\n\n\n\n<figure class=\"wp-block-embed aligncenter is-type-wp-embed is-provider-fotosenderismo-com wp-block-embed-fotosenderismo-com\"><div class=\"wp-block-embed__wrapper\">\n<blockquote class=\"wp-embedded-content\" data-secret=\"YoG2wmWJGm\"><a href=\"https:\/\/fotosenderismo.com\/wordpress\/index.php\/2017\/07\/25\/vallfogona-de-ripolles-torrent-de-la-masica-castell-del-milany\/\">Vallfogona de Ripoll\u00e9s, Torrent de la Masica, Castell del Milany<\/a><\/blockquote><iframe loading=\"lazy\" class=\"wp-embedded-content\" sandbox=\"allow-scripts\" security=\"restricted\" style=\"position: absolute; clip: rect(1px, 1px, 1px, 1px);\" title=\"\u00abVallfogona de Ripoll\u00e9s, Torrent de la Masica, Castell del Milany\u00bb \u2014 FOTOSENDERISMO.COM\" src=\"https:\/\/fotosenderismo.com\/wordpress\/index.php\/2017\/07\/25\/vallfogona-de-ripolles-torrent-de-la-masica-castell-del-milany\/embed\/#?secret=4tYqT8HQB5#?secret=YoG2wmWJGm\" data-secret=\"YoG2wmWJGm\" width=\"600\" height=\"338\" frameborder=\"0\" marginwidth=\"0\" marginheight=\"0\" scrolling=\"no\"><\/iframe>\n<\/div><\/figure>\n\n\n\n<figure class=\"wp-block-embed aligncenter is-type-wp-embed is-provider-fotosenderismo-com wp-block-embed-fotosenderismo-com\"><div class=\"wp-block-embed__wrapper\">\n<blockquote class=\"wp-embedded-content\" data-secret=\"YoG2wmWJGm\"><a href=\"https:\/\/fotosenderismo.com\/wordpress\/index.php\/2017\/07\/25\/vallfogona-de-ripolles-torrent-de-la-masica-castell-del-milany\/\">Vallfogona de Ripoll\u00e9s, Torrent de la Masica, Castell del Milany<\/a><\/blockquote><iframe loading=\"lazy\" class=\"wp-embedded-content\" sandbox=\"allow-scripts\" security=\"restricted\" style=\"position: absolute; clip: rect(1px, 1px, 1px, 1px);\" title=\"\u00abVallfogona de Ripoll\u00e9s, Torrent de la Masica, Castell del Milany\u00bb \u2014 FOTOSENDERISMO.COM\" src=\"https:\/\/fotosenderismo.com\/wordpress\/index.php\/2017\/07\/25\/vallfogona-de-ripolles-torrent-de-la-masica-castell-del-milany\/embed\/#?secret=4tYqT8HQB5#?secret=YoG2wmWJGm\" data-secret=\"YoG2wmWJGm\" width=\"600\" height=\"338\" frameborder=\"0\" marginwidth=\"0\" marginheight=\"0\" scrolling=\"no\"><\/iframe>\n<\/div><\/figure>\n\n\n\n<figure class=\"wp-block-embed aligncenter is-type-wp-embed is-provider-fotosenderismo-com wp-block-embed-fotosenderismo-com\"><div class=\"wp-block-embed__wrapper\">\n<blockquote class=\"wp-embedded-content\" data-secret=\"t8yQNKkrWY\"><a href=\"https:\/\/fotosenderismo.com\/wordpress\/index.php\/2018\/05\/23\/vidra-palou-xic-coll-de-sant-cristofol-collet-de-lhome-mort-puig-de-lolbiol-castell-de-milany\/\">Vidr\u00e0, Palou Xic, Coll de Sant Crist\u00f2fol, Collet de l\u2019Home Mort, Puig de l\u2019Olbiol, Castell de Milany<\/a><\/blockquote><iframe loading=\"lazy\" class=\"wp-embedded-content\" sandbox=\"allow-scripts\" security=\"restricted\" style=\"position: absolute; clip: rect(1px, 1px, 1px, 1px);\" title=\"\u00abVidr\u00e0, Palou Xic, Coll de Sant Crist\u00f2fol, Collet de l\u2019Home Mort, Puig de l\u2019Olbiol, Castell de Milany\u00bb \u2014 FOTOSENDERISMO.COM\" src=\"https:\/\/fotosenderismo.com\/wordpress\/index.php\/2018\/05\/23\/vidra-palou-xic-coll-de-sant-cristofol-collet-de-lhome-mort-puig-de-lolbiol-castell-de-milany\/embed\/#?secret=tKY2VAYUtf#?secret=t8yQNKkrWY\" data-secret=\"t8yQNKkrWY\" width=\"600\" height=\"338\" frameborder=\"0\" marginwidth=\"0\" marginheight=\"0\" scrolling=\"no\"><\/iframe>\n<\/div><\/figure>\n","protected":false},"excerpt":{"rendered":"<p>Nuevo ascenso a la Sierra de Milany desde Vallfogona de Ripoll\u00e9s. Hemos ido a buscar un nuevo camino, hemos visitado nuevas zonas de bosque y tambi\u00e9n nos hemos encontrado con nuevas formaciones calc\u00e1reas esculpidas por saltos de agua. El track ha sido elaborado siguiendo marcas moradas y rojas hasta enlazar, en Els Plans de la Ginebra, con otro track que ten\u00edamos guardado de otra salida, la primera que hemos destacado en las entradas relacionadas. En alg\u00fan punto, durante el ascenso, hemos tenido alguna dificultad para seguir la pista al camino, pero tampoco nos hemos encontrado con problemas destacables. S\u00f3lo hemos de tener en cuenta que es mejor que no vayamos solos en esta salida porque tenemos que cruzar la mas\u00eda de la Llastanosa, ya que en ella hay perros de dimensiones considerables. <\/p>\n","protected":false},"author":1,"featured_media":11713,"comment_status":"open","ping_status":"closed","sticky":false,"template":"","format":"standard","meta":{"footnotes":""},"categories":[46,53,142,281,34,42,47,50],"tags":[187,189,98,177,223],"class_list":["post-11709","post","type-post","status-publish","format-standard","has-post-thumbnail","hentry","category-girona","category-ripolles","category-bellmunt-milany","category-202-entre-15-y-20-km","category-entre-500-y-1000-metros","category-senderismo","category-circular-tipo-de-recorrido","category-alta-montana","tag-fotos-by-eduard","tag-fotos-by-manuel","tag-98","tag-eduard","tag-track-en-wikiloc"],"_links":{"self":[{"href":"https:\/\/fotosenderismo.com\/wordpress\/index.php\/wp-json\/wp\/v2\/posts\/11709","targetHints":{"allow":["GET"]}}],"collection":[{"href":"https:\/\/fotosenderismo.com\/wordpress\/index.php\/wp-json\/wp\/v2\/posts"}],"about":[{"href":"https:\/\/fotosenderismo.com\/wordpress\/index.php\/wp-json\/wp\/v2\/types\/post"}],"author":[{"embeddable":true,"href":"https:\/\/fotosenderismo.com\/wordpress\/index.php\/wp-json\/wp\/v2\/users\/1"}],"replies":[{"embeddable":true,"href":"https:\/\/fotosenderismo.com\/wordpress\/index.php\/wp-json\/wp\/v2\/comments?post=11709"}],"version-history":[{"count":16,"href":"https:\/\/fotosenderismo.com\/wordpress\/index.php\/wp-json\/wp\/v2\/posts\/11709\/revisions"}],"predecessor-version":[{"id":23321,"href":"https:\/\/fotosenderismo.com\/wordpress\/index.php\/wp-json\/wp\/v2\/posts\/11709\/revisions\/23321"}],"wp:featuredmedia":[{"embeddable":true,"href":"https:\/\/fotosenderismo.com\/wordpress\/index.php\/wp-json\/wp\/v2\/media\/11713"}],"wp:attachment":[{"href":"https:\/\/fotosenderismo.com\/wordpress\/index.php\/wp-json\/wp\/v2\/media?parent=11709"}],"wp:term":[{"taxonomy":"category","embeddable":true,"href":"https:\/\/fotosenderismo.com\/wordpress\/index.php\/wp-json\/wp\/v2\/categories?post=11709"},{"taxonomy":"post_tag","embeddable":true,"href":"https:\/\/fotosenderismo.com\/wordpress\/index.php\/wp-json\/wp\/v2\/tags?post=11709"}],"curies":[{"name":"wp","href":"https:\/\/api.w.org\/{rel}","templated":true}]}}