{"id":166,"count":1,"description":"Esta categor\u00eda da acceso a entradas con galer\u00edas de fotos de la Comunidad Aut\u00f3noma de Arag\u00f3n pero que no est\u00e1n asociadas a ning\u00fan recorrido","link":"https:\/\/fotosenderismo.com\/wordpress\/index.php\/category\/f00-fotos\/12\/","name":"F05) ARAG\u00d3N","slug":"12","taxonomy":"category","parent":327,"meta":[],"_links":{"self":[{"href":"https:\/\/fotosenderismo.com\/wordpress\/index.php\/wp-json\/wp\/v2\/categories\/166","targetHints":{"allow":["GET"]}}],"collection":[{"href":"https:\/\/fotosenderismo.com\/wordpress\/index.php\/wp-json\/wp\/v2\/categories"}],"about":[{"href":"https:\/\/fotosenderismo.com\/wordpress\/index.php\/wp-json\/wp\/v2\/taxonomies\/category"}],"up":[{"embeddable":true,"href":"https:\/\/fotosenderismo.com\/wordpress\/index.php\/wp-json\/wp\/v2\/categories\/327"}],"wp:post_type":[{"href":"https:\/\/fotosenderismo.com\/wordpress\/index.php\/wp-json\/wp\/v2\/posts?categories=166"}],"curies":[{"name":"wp","href":"https:\/\/api.w.org\/{rel}","templated":true}]}}