{"id":121,"count":3,"description":"Esta categor\u00eda da acceso a entradas con galer\u00edas de fotos del Ripoll\u00e9s pero que no est\u00e1n asociadas a ning\u00fan recorrido","link":"https:\/\/fotosenderismo.com\/wordpress\/index.php\/category\/f00-fotos\/6\/9\/","name":"F01) Ripoll\u00e9s","slug":"9","taxonomy":"category","parent":103,"meta":[],"_links":{"self":[{"href":"https:\/\/fotosenderismo.com\/wordpress\/index.php\/wp-json\/wp\/v2\/categories\/121","targetHints":{"allow":["GET"]}}],"collection":[{"href":"https:\/\/fotosenderismo.com\/wordpress\/index.php\/wp-json\/wp\/v2\/categories"}],"about":[{"href":"https:\/\/fotosenderismo.com\/wordpress\/index.php\/wp-json\/wp\/v2\/taxonomies\/category"}],"up":[{"embeddable":true,"href":"https:\/\/fotosenderismo.com\/wordpress\/index.php\/wp-json\/wp\/v2\/categories\/103"}],"wp:post_type":[{"href":"https:\/\/fotosenderismo.com\/wordpress\/index.php\/wp-json\/wp\/v2\/posts?categories=121"}],"curies":[{"name":"wp","href":"https:\/\/api.w.org\/{rel}","templated":true}]}}